{"id":48823,"date":"2023-12-08T08:31:52","date_gmt":"2023-12-08T11:31:52","guid":{"rendered":"http:\/\/www.sincomam.org.br\/?p=48823"},"modified":"2023-12-08T08:35:04","modified_gmt":"2023-12-08T11:35:04","slug":"rio-de-janeiro-registra-caso-de-dengue-tipo-4","status":"publish","type":"post","link":"https:\/\/www.sincomam.org.br\/index.php\/rio-de-janeiro-registra-caso-de-dengue-tipo-4\/","title":{"rendered":"Rio de Janeiro registra caso de dengue tipo 4"},"content":{"rendered":"<div class=\"post-item-wrap\">\n<p>A Secretaria Municipal de Sa\u00fade do Rio de Janeiro informou, nesta quinta-feira (7), que identificou um caso de dengue do v\u00edrus tipo 4, que n\u00e3o circulava na cidade desde 2018. A v\u00edtima \u00e9 uma mulher de 45 anos, cujos sintomas foram inicialmente sentidos no \u00faltimo dia 26 de novembro. A secretaria diz que mant\u00e9m a vigil\u00e2ncia constante dos casos e a\u00e7\u00f5es de controle do mosquito transmissor, o\u00a0<em>Aedes aegypti<\/em>.<img decoding=\"async\" src=\"https:\/\/agenciabrasil.ebc.com.br\/ebc.png?id=1571186&amp;o=node\" \/><img decoding=\"async\" src=\"https:\/\/agenciabrasil.ebc.com.br\/ebc.gif?id=1571186&amp;o=node\" \/><\/p>\n<p>A sorotipagem foi confirmada pelo Laborat\u00f3rio Central de Sa\u00fade P\u00fablica Noel Nutels, da Secretaria de Estado de Sa\u00fade. Em 2023, at\u00e9 hoje, foram realizadas mais de seis mil identifica\u00e7\u00f5es virais de dengue, com 5.532 identifica\u00e7\u00f5es do tipo 1, 820 do tipo 2 e apenas um caso do 4.<\/p>\n<p>A Secretaria de Sa\u00fade informou, tamb\u00e9m, que as a\u00e7\u00f5es de controle do mosquito s\u00e3o feitas ao longo de todo ano, por\u00e9m, s\u00e3o intensificadas nos meses de ver\u00e3o, quando, por conta da sazonalidade da doen\u00e7a, o n\u00famero de v\u00edtimas tende a aumentar.<\/p>\n<h2>N\u00fameros<\/h2>\n<p>At\u00e9 o dia 2 de dezembro deste ano foram visitados 10.173.646 im\u00f3veis para preven\u00e7\u00e3o e controle do vetor. Ao mesmo tempo, 2.018.614 de recipientes que poderiam servir de criadouros de mosquitos foram tratados ou eliminados. A prefeitura ressalta que \u00e9 importante que toda popula\u00e7\u00e3o fa\u00e7a a sua parte para evitar poss\u00edveis focos nas resid\u00eancias.<\/p>\n<p>O v\u00edrus da dengue \u00e9 transmitido principalmente pela picada de f\u00eameas de\u00a0<em>Aedes aegypti<\/em>\u00a0infectadas. O controle do mosquito \u00e9 o principal m\u00e9todo para a preven\u00e7\u00e3o e controle para a dengue e outras arboviroses urbanas, como\u00a0<em>chikungunya\u00a0<\/em>e\u00a0<em>Zika<\/em>.<\/p>\n<p>Para evitar a infesta\u00e7\u00e3o de mosquitos, o Minist\u00e9rio da Sa\u00fade orienta que \u00e9 necess\u00e1rio eliminar os criadouros, mantendo os reservat\u00f3rios e qualquer local que possa acumular \u00e1gua totalmente cobertos com telas, capas ou tampas. Medidas de prote\u00e7\u00e3o contra picadas tamb\u00e9m podem ajudar especialmente nas \u00e1reas de transmiss\u00e3o. O\u00a0<em>Aedes aegypti<\/em>\u00a0ataca principalmente durante o dia.<\/p>\n<p>Os principais sintomas da dengue s\u00e3o febre alta; dor no corpo e articula\u00e7\u00f5es; dor atr\u00e1s dos olhos; mal estar; falta de apetite; dor de cabe\u00e7a e manchas vermelhas no corpo.<\/p>\n<\/div>\n<p class=\"alt-font font-italic my-2 small text-info\">Fonte: Ag\u00eancia Brasil<\/p>\n","protected":false},"excerpt":{"rendered":"<p>A Secretaria Municipal de Sa\u00fade do Rio de Janeiro informou, nesta quinta-feira (7), que identificou um caso de dengue do v\u00edrus tipo 4, que n\u00e3o&#8230;<\/p>\n","protected":false},"author":1527,"featured_media":48829,"comment_status":"closed","ping_status":"closed","sticky":false,"template":"","format":"standard","meta":{"footnotes":""},"categories":[6],"tags":[],"class_list":["post-48823","post","type-post","status-publish","format-standard","has-post-thumbnail","hentry","category-noticias"],"_links":{"self":[{"href":"https:\/\/www.sincomam.org.br\/index.php\/wp-json\/wp\/v2\/posts\/48823","targetHints":{"allow":["GET"]}}],"collection":[{"href":"https:\/\/www.sincomam.org.br\/index.php\/wp-json\/wp\/v2\/posts"}],"about":[{"href":"https:\/\/www.sincomam.org.br\/index.php\/wp-json\/wp\/v2\/types\/post"}],"author":[{"embeddable":true,"href":"https:\/\/www.sincomam.org.br\/index.php\/wp-json\/wp\/v2\/users\/1527"}],"replies":[{"embeddable":true,"href":"https:\/\/www.sincomam.org.br\/index.php\/wp-json\/wp\/v2\/comments?post=48823"}],"version-history":[{"count":1,"href":"https:\/\/www.sincomam.org.br\/index.php\/wp-json\/wp\/v2\/posts\/48823\/revisions"}],"predecessor-version":[{"id":48825,"href":"https:\/\/www.sincomam.org.br\/index.php\/wp-json\/wp\/v2\/posts\/48823\/revisions\/48825"}],"wp:featuredmedia":[{"embeddable":true,"href":"https:\/\/www.sincomam.org.br\/index.php\/wp-json\/wp\/v2\/media\/48829"}],"wp:attachment":[{"href":"https:\/\/www.sincomam.org.br\/index.php\/wp-json\/wp\/v2\/media?parent=48823"}],"wp:term":[{"taxonomy":"category","embeddable":true,"href":"https:\/\/www.sincomam.org.br\/index.php\/wp-json\/wp\/v2\/categories?post=48823"},{"taxonomy":"post_tag","embeddable":true,"href":"https:\/\/www.sincomam.org.br\/index.php\/wp-json\/wp\/v2\/tags?post=48823"}],"curies":[{"name":"wp","href":"https:\/\/api.w.org\/{rel}","templated":true}]}}