{"id":4882,"date":"2014-04-14T08:05:12","date_gmt":"2014-04-14T11:05:12","guid":{"rendered":"http:\/\/www.sincomam.org.br\/?p=4882"},"modified":"2014-04-11T16:51:16","modified_gmt":"2014-04-11T19:51:16","slug":"receita-federal-ja-recebeu-124-milhao-de-declaracoes-do-ir-2013","status":"publish","type":"post","link":"https:\/\/www.sincomam.org.br\/index.php\/receita-federal-ja-recebeu-124-milhao-de-declaracoes-do-ir-2013\/","title":{"rendered":"Receita Federal j\u00e1 recebeu 1,24 milh\u00e3o de declara\u00e7\u00f5es do IR 2013"},"content":{"rendered":"<p><b><i>Entrega come\u00e7ou em 1\u00ba de mar\u00e7o e se estende at\u00e9 o dia 30 de abril<\/i><\/b><\/p>\n<p>A Secretaria da Receita Federal informou que foram recebidas, at\u00e9 as 11h desta sexta-feira (8), 1,24 milh\u00e3o de declara\u00e7\u00f5es do Imposto de Renda 2013.<\/p>\n<p>O prazo come\u00e7ou em 1\u00ba de mar\u00e7o e se estende at\u00e9 30 de abril. O Fisco espera receber 26 milh\u00f5es de declara\u00e7\u00f5es neste ano.<\/p>\n<p>Segundo a Receita Federal, est\u00e3o obrigadas a apresentar a declara\u00e7\u00e3o as pessoas f\u00edsicas que receberam rendimentos tribut\u00e1veis superiores a R$ 24.556,65 em 2012 (ano-base para a declara\u00e7\u00e3o do IR de 2013). Veja outras situa\u00e7\u00f5es que obrigam o contribuinte a declarar Imposto de Renda.<\/p>\n<p><b>Declarar IR pode garantir renda para quem n\u00e3o \u00e9 obrigado<\/b><\/p>\n<p>Especialistas em Imposto de Renda recomendam que os contribuintes separem os documentos necess\u00e1rios para fazer a declara\u00e7\u00e3o deste ano, n\u00e3o deixem para entregar o documento na \u00faltima hora e prestem aten\u00e7\u00e3o redobrada na hora do preenchimento \u2013 como forma de evitar a chamada malha fina.<\/p>\n<p>De acordo com o Fisco, quem tem imposto a pagar e optar pelo d\u00e9bito autom\u00e1tico da quota \u00fanica ou a partir da primeira quota dever\u00e1 enviar a declara\u00e7\u00e3o at\u00e9 31 de mar\u00e7o deste ano.<\/p>\n<p>O \u00f3rg\u00e3o lembrou que o contribuinte que quiser doar a um dos fundos de ajuda \u00e0 crian\u00e7a e ao adolescente inscritos na Secretaria de Direitos Humanos da Presid\u00eancia da Rep\u00fablica, e repassados \u00e0 Receita Federal, poder\u00e1 faz\u00ea-lo at\u00e9 30 de abril pr\u00f3ximo, com direito ao abatimento de 3% do total no IR ainda na declara\u00e7\u00e3o atual do Imposto de Renda.<\/p>\n<p>Fonte: G1<\/p>\n","protected":false},"excerpt":{"rendered":"<p>Entrega come\u00e7ou em 1\u00ba de mar\u00e7o e se estende at\u00e9 o dia 30 de abril A Secretaria da Receita Federal informou que foram recebidas, at\u00e9&#8230;<\/p>\n","protected":false},"author":1182,"featured_media":0,"comment_status":"closed","ping_status":"closed","sticky":false,"template":"","format":"standard","meta":{"footnotes":""},"categories":[6],"tags":[914,546,283,203,852],"class_list":["post-4882","post","type-post","status-publish","format-standard","hentry","category-noticias","tag-abril","tag-declaracao","tag-entrega","tag-imposto-de-renda","tag-prazo"],"_links":{"self":[{"href":"https:\/\/www.sincomam.org.br\/index.php\/wp-json\/wp\/v2\/posts\/4882","targetHints":{"allow":["GET"]}}],"collection":[{"href":"https:\/\/www.sincomam.org.br\/index.php\/wp-json\/wp\/v2\/posts"}],"about":[{"href":"https:\/\/www.sincomam.org.br\/index.php\/wp-json\/wp\/v2\/types\/post"}],"author":[{"embeddable":true,"href":"https:\/\/www.sincomam.org.br\/index.php\/wp-json\/wp\/v2\/users\/1182"}],"replies":[{"embeddable":true,"href":"https:\/\/www.sincomam.org.br\/index.php\/wp-json\/wp\/v2\/comments?post=4882"}],"version-history":[{"count":1,"href":"https:\/\/www.sincomam.org.br\/index.php\/wp-json\/wp\/v2\/posts\/4882\/revisions"}],"predecessor-version":[{"id":4883,"href":"https:\/\/www.sincomam.org.br\/index.php\/wp-json\/wp\/v2\/posts\/4882\/revisions\/4883"}],"wp:attachment":[{"href":"https:\/\/www.sincomam.org.br\/index.php\/wp-json\/wp\/v2\/media?parent=4882"}],"wp:term":[{"taxonomy":"category","embeddable":true,"href":"https:\/\/www.sincomam.org.br\/index.php\/wp-json\/wp\/v2\/categories?post=4882"},{"taxonomy":"post_tag","embeddable":true,"href":"https:\/\/www.sincomam.org.br\/index.php\/wp-json\/wp\/v2\/tags?post=4882"}],"curies":[{"name":"wp","href":"https:\/\/api.w.org\/{rel}","templated":true}]}}