{"id":48801,"date":"2023-12-07T10:14:46","date_gmt":"2023-12-07T13:14:46","guid":{"rendered":"http:\/\/www.sincomam.org.br\/?p=48801"},"modified":"2023-12-07T10:14:46","modified_gmt":"2023-12-07T13:14:46","slug":"stf-retoma-julgamento-sobre-politica-ambiental-do-governo-bolsonaro","status":"publish","type":"post","link":"https:\/\/www.sincomam.org.br\/index.php\/stf-retoma-julgamento-sobre-politica-ambiental-do-governo-bolsonaro\/","title":{"rendered":"STF retoma julgamento sobre pol\u00edtica ambiental do governo Bolsonaro"},"content":{"rendered":"<p>O Supremo Tribunal Federal (STF) retomou nesta quarta-feira (6) o julgamento de a\u00e7\u00f5es que questionam a pol\u00edtica ambiental adotada durante o governo de Jair Bolsonaro (2019-2022). Est\u00e3o em julgamento tr\u00eas a\u00e7\u00f5es protocoladas em 2020 pelos partidos PT, PSOL e Rede Sustentabilidade e entidades que atuam em defesa do meio ambiente.<img decoding=\"async\" src=\"https:\/\/agenciabrasil.ebc.com.br\/ebc.png?id=1570962&amp;o=node\" \/><img decoding=\"async\" src=\"https:\/\/agenciabrasil.ebc.com.br\/ebc.gif?id=1570962&amp;o=node\" \/><\/p>\n<p>Na sess\u00e3o desta tarde, os ministros ouviram as sustenta\u00e7\u00f5es orais das partes envolvidas. O julgamento ser\u00e1 retomado nesta quinta-feira (7).<\/p>\n<p>As partes pedem que o Supremo reconhe\u00e7a o &#8220;estado de coisas inconstitucional&#8221; na \u00e1rea ambiental e determine que os governos federal, estadual e municipal tomem medidas de prote\u00e7\u00e3o ao meio ambiente no pa\u00eds, sobretudo contra queimadas criminosas e desmatamento ilegal nos biomas da Amaz\u00f4nia e do Pantanal.<\/p>\n<p>As legendas e entidades tamb\u00e9m pedem que o Plano de A\u00e7\u00e3o para Preven\u00e7\u00e3o e Controle do Desmatamento na Amaz\u00f4nia (PPCDAm) seja executado de forma efetiva pelas autoridades ambientais, al\u00e9m do reconhecimento da omiss\u00e3o do governo Bolsonaro em coibir o desmatamento na regi\u00e3o e a imposi\u00e7\u00e3o de medidas judiciais de combate aos crimes ambientais<\/p>\n<h2>Julgamento<\/h2>\n<p>As a\u00e7\u00f5es come\u00e7aram a ser julgadas em abril de 2022, quando a relatora, ministra C\u00e1rmen L\u00facia, votou pelo reconhecimento do chamado estado de coisas inconstitucional em mat\u00e9ria ambiental, ou seja, que as medidas tomadas pelo governo Bolsonaro em rela\u00e7\u00e3o \u00e0 mat\u00e9ria s\u00e3o inconstitucionais e justificam a interven\u00e7\u00e3o do Judici\u00e1rio.<\/p>\n<p>A ministra tamb\u00e9m determinou que o governo federal formule, em 60 dias, um plano de execu\u00e7\u00e3o efetivo de combate a crimes ambientais e de diminui\u00e7\u00e3o do desmatamento ilegal em terras ind\u00edgenas e unidades de conserva\u00e7\u00e3o na Amaz\u00f4nia Legal.<\/p>\n<p>Em seguida, o ministro Andr\u00e9 Mendon\u00e7a pediu vista do processo, e o julgamento foi interrompido.<\/p>\n<h2>Sustenta\u00e7\u00f5es<\/h2>\n<p>Na sess\u00e3o desta tarde, o julgamento foi retomado com as sustenta\u00e7\u00f5es orais das partes de envolvidas no processo.<\/p>\n<p>O advogado da Uni\u00e3o, Leandro Peixoto Medeiros, disse que o atual governo tomou medidas de combate \u00e0s queimadas e de prote\u00e7\u00e3o da Amaz\u00f4nia. Medeiros citou dados do Instituto Nacional de Pesquisas Espaciais (Inpe) para demonstrar que houve redu\u00e7\u00e3o de 49% do desmatamento da Amaz\u00f4nia Legal nos dez primeiros meses deste ano.<\/p>\n<p>Segundo Medeiros, houve aumento de 260% nas a\u00e7\u00f5es de multas e embargos realizados pelo \u00a0Instituto Brasileiro do Meio Ambiente e dos Recursos Naturais Renov\u00e1veis (Ibama) no primeiro semestre de 2023. &#8220;Os n\u00fameros s\u00e3o expressivos, em especial, em um ano marcado pelo fen\u00f4meno El Ni\u00f1o, com seca intensa na Regi\u00e3o Norte&#8221;, afirmou.<\/p>\n<p>O representante do PT, advogado Miguel Novaes, defendeu a continuidade das a\u00e7\u00f5es sobre a legalidade da pol\u00edtica ambiental bolsonarista mesmo ap\u00f3s a mudan\u00e7a de governo. &#8220;Por conta da dist\u00e2ncia no tempo entre o ajuizamento da a\u00e7\u00e3o e o julgamento, houve a perda de objeto de alguns dos pedidos, como o pedido para que o ministro do Meio Ambiente apresentasse quest\u00f5es or\u00e7ament\u00e1rias espec\u00edficas dos gastos com queimadas. Fica a quest\u00e3o constitucional a ser debatida&#8221;, completou.<\/p>\n<p>Fonte: Ag\u00eancia Brasil<\/p>\n","protected":false},"excerpt":{"rendered":"<p>O Supremo Tribunal Federal (STF) retomou nesta quarta-feira (6) o julgamento de a\u00e7\u00f5es que questionam a pol\u00edtica ambiental adotada durante o governo de Jair Bolsonaro&#8230;<\/p>\n","protected":false},"author":1527,"featured_media":48802,"comment_status":"closed","ping_status":"closed","sticky":false,"template":"","format":"standard","meta":{"footnotes":""},"categories":[6],"tags":[],"class_list":["post-48801","post","type-post","status-publish","format-standard","has-post-thumbnail","hentry","category-noticias"],"_links":{"self":[{"href":"https:\/\/www.sincomam.org.br\/index.php\/wp-json\/wp\/v2\/posts\/48801","targetHints":{"allow":["GET"]}}],"collection":[{"href":"https:\/\/www.sincomam.org.br\/index.php\/wp-json\/wp\/v2\/posts"}],"about":[{"href":"https:\/\/www.sincomam.org.br\/index.php\/wp-json\/wp\/v2\/types\/post"}],"author":[{"embeddable":true,"href":"https:\/\/www.sincomam.org.br\/index.php\/wp-json\/wp\/v2\/users\/1527"}],"replies":[{"embeddable":true,"href":"https:\/\/www.sincomam.org.br\/index.php\/wp-json\/wp\/v2\/comments?post=48801"}],"version-history":[{"count":1,"href":"https:\/\/www.sincomam.org.br\/index.php\/wp-json\/wp\/v2\/posts\/48801\/revisions"}],"predecessor-version":[{"id":48803,"href":"https:\/\/www.sincomam.org.br\/index.php\/wp-json\/wp\/v2\/posts\/48801\/revisions\/48803"}],"wp:featuredmedia":[{"embeddable":true,"href":"https:\/\/www.sincomam.org.br\/index.php\/wp-json\/wp\/v2\/media\/48802"}],"wp:attachment":[{"href":"https:\/\/www.sincomam.org.br\/index.php\/wp-json\/wp\/v2\/media?parent=48801"}],"wp:term":[{"taxonomy":"category","embeddable":true,"href":"https:\/\/www.sincomam.org.br\/index.php\/wp-json\/wp\/v2\/categories?post=48801"},{"taxonomy":"post_tag","embeddable":true,"href":"https:\/\/www.sincomam.org.br\/index.php\/wp-json\/wp\/v2\/tags?post=48801"}],"curies":[{"name":"wp","href":"https:\/\/api.w.org\/{rel}","templated":true}]}}