{"id":48795,"date":"2023-12-07T09:44:37","date_gmt":"2023-12-07T12:44:37","guid":{"rendered":"http:\/\/www.sincomam.org.br\/?p=48795"},"modified":"2023-12-07T09:44:37","modified_gmt":"2023-12-07T12:44:37","slug":"covid-19-saude-antecipa-nova-dose-da-bivalente-para-idosos","status":"publish","type":"post","link":"https:\/\/www.sincomam.org.br\/index.php\/covid-19-saude-antecipa-nova-dose-da-bivalente-para-idosos\/","title":{"rendered":"Covid-19: Sa\u00fade antecipa nova dose da bivalente para idosos"},"content":{"rendered":"<p>Diante da identifica\u00e7\u00e3o de duas novas sublinhagens do v\u00edrus da covid-19 no pa\u00eds, o Minist\u00e9rio da Sa\u00fade passou a recomendar uma nova dose da vacina bivalente para pessoas com 60 anos ou mais e imunocomprometidos acima de 12 anos que tenham recebido a \u00faltima dose do imunizante h\u00e1 mais de seis meses.<img decoding=\"async\" src=\"https:\/\/agenciabrasil.ebc.com.br\/ebc.png?id=1571016&amp;o=node\" \/><img decoding=\"async\" src=\"https:\/\/agenciabrasil.ebc.com.br\/ebc.gif?id=1571016&amp;o=node\" \/><\/p>\n<p>\u201cSeguimos atentos ao cen\u00e1rio epidemiol\u00f3gico da covid-19. Com a identifica\u00e7\u00e3o de duas novas sublinhagens no pa\u00eds, a JN.1 e JG.3, decidimos antecipar para grupos priorit\u00e1rios uma nova dose da vacina bivalente. A vacina\u00e7\u00e3o \u00e9 essencial para nossa prote\u00e7\u00e3o\u201d, twitou a ministra da Sa\u00fade, N\u00edsia Trindade.<\/p>\n<p>\u201cSempre trabalhamos para que estejam dispon\u00edveis as vacinas mais atualizadas, seguras e eficazes aprovadas pela Anvisa [Ag\u00eancia Nacional de Vigil\u00e2ncia Sanit\u00e1ria]. Em especial para pessoas em grupos de risco ou com sintomas gripais, recomenda-se maior prote\u00e7\u00e3o, como o uso de m\u00e1scara em locais fechados e evitar aglomera\u00e7\u00f5es.\u201d<\/p>\n<h2>Antiviral<\/h2>\n<p>A pasta destacou ainda que o antiviral nirmatrelvir\/ritonavir est\u00e1 dispon\u00edvel na rede p\u00fablica para o tratamento da infec\u00e7\u00e3o por covid-19 em idosos com 65 anos ou mais e imunossuprimidos com 18 anos ou mais, logo que os sintomas aparecerem e houver a confirma\u00e7\u00e3o de teste positivo.<\/p>\n<h2>Subvariantes<\/h2>\n<p>De acordo com o minist\u00e9rio, a subvariante JN.1, inicialmente detectada no Cear\u00e1, vem ganhando propor\u00e7\u00e3o global e j\u00e1 corresponde a 3,2% dos registros em todo o mundo. J\u00e1 a sublinhagem JG.3, tamb\u00e9m identificada no Cear\u00e1, est\u00e1 sendo monitorada em S\u00e3o Paulo, no Rio de Janeiro e em Goi\u00e1s.<\/p>\n<p>\u201cO Minist\u00e9rio da Sa\u00fade segue alinhado com todas as evid\u00eancias cient\u00edficas, com as recomenda\u00e7\u00f5es da Organiza\u00e7\u00e3o Mundial da Sa\u00fade (OMS) mais atualizadas para o enfrentamento da covid-19, incluindo o planejamento para vacina\u00e7\u00e3o em 2024, que j\u00e1 est\u00e1 em andamento.\u201d<\/p>\n<p>\u201cA pasta garante que o SUS [Sistema \u00danico de Sa\u00fade] sempre ter\u00e1 dispon\u00edvel as vacinas mais atualizadas, seguras e eficazes aprovadas pela Anvisa [Ag\u00eancia Nacional de Vigil\u00e2ncia Sanit\u00e1ria].\u201d<\/p>\n<p>Fonte: Ag\u00eancia Brasil<\/p>\n","protected":false},"excerpt":{"rendered":"<p>Diante da identifica\u00e7\u00e3o de duas novas sublinhagens do v\u00edrus da covid-19 no pa\u00eds, o Minist\u00e9rio da Sa\u00fade passou a recomendar uma nova dose da vacina&#8230;<\/p>\n","protected":false},"author":1527,"featured_media":48796,"comment_status":"closed","ping_status":"closed","sticky":false,"template":"","format":"standard","meta":{"footnotes":""},"categories":[6],"tags":[],"class_list":["post-48795","post","type-post","status-publish","format-standard","has-post-thumbnail","hentry","category-noticias"],"_links":{"self":[{"href":"https:\/\/www.sincomam.org.br\/index.php\/wp-json\/wp\/v2\/posts\/48795","targetHints":{"allow":["GET"]}}],"collection":[{"href":"https:\/\/www.sincomam.org.br\/index.php\/wp-json\/wp\/v2\/posts"}],"about":[{"href":"https:\/\/www.sincomam.org.br\/index.php\/wp-json\/wp\/v2\/types\/post"}],"author":[{"embeddable":true,"href":"https:\/\/www.sincomam.org.br\/index.php\/wp-json\/wp\/v2\/users\/1527"}],"replies":[{"embeddable":true,"href":"https:\/\/www.sincomam.org.br\/index.php\/wp-json\/wp\/v2\/comments?post=48795"}],"version-history":[{"count":1,"href":"https:\/\/www.sincomam.org.br\/index.php\/wp-json\/wp\/v2\/posts\/48795\/revisions"}],"predecessor-version":[{"id":48797,"href":"https:\/\/www.sincomam.org.br\/index.php\/wp-json\/wp\/v2\/posts\/48795\/revisions\/48797"}],"wp:featuredmedia":[{"embeddable":true,"href":"https:\/\/www.sincomam.org.br\/index.php\/wp-json\/wp\/v2\/media\/48796"}],"wp:attachment":[{"href":"https:\/\/www.sincomam.org.br\/index.php\/wp-json\/wp\/v2\/media?parent=48795"}],"wp:term":[{"taxonomy":"category","embeddable":true,"href":"https:\/\/www.sincomam.org.br\/index.php\/wp-json\/wp\/v2\/categories?post=48795"},{"taxonomy":"post_tag","embeddable":true,"href":"https:\/\/www.sincomam.org.br\/index.php\/wp-json\/wp\/v2\/tags?post=48795"}],"curies":[{"name":"wp","href":"https:\/\/api.w.org\/{rel}","templated":true}]}}