{"id":48788,"date":"2023-12-07T07:33:11","date_gmt":"2023-12-07T10:33:11","guid":{"rendered":"http:\/\/www.sincomam.org.br\/?p=48788"},"modified":"2023-12-07T07:33:11","modified_gmt":"2023-12-07T10:33:11","slug":"porto-de-santos-esta-oficialmente-fora-da-privatizacao","status":"publish","type":"post","link":"https:\/\/www.sincomam.org.br\/index.php\/porto-de-santos-esta-oficialmente-fora-da-privatizacao\/","title":{"rendered":"Porto de Santos est\u00e1 oficialmente fora da privatiza\u00e7\u00e3o"},"content":{"rendered":"<p>Est\u00e1 afastada oficialmente a privatiza\u00e7\u00e3o da gest\u00e3o do Porto de Santos. Foi publicada, nesta ter\u00e7a-feira (5\/12), no Di\u00e1rio Oficial da Uni\u00e3o, a Resolu\u00e7\u00e3o CPPI n? 291, de 22 de novembro de 2023, que revogou a Resolu\u00e7\u00e3o 246, de 2022, que inclu\u00eda a gest\u00e3o dos portos de S\u00e3o Sebasti\u00e3o, da Bahia (Aratu-Candeias e Ilh\u00e9us) e de Santos, no Programa Nacional de Desestatiza\u00e7\u00e3o (PND).<\/p>\n<p>A concess\u00e3o parcial dos acessos ao Porto de Santos, de servi\u00e7os, bem como a liga\u00e7\u00e3o seca Santos-Guaruj\u00e1 via t\u00fanel, continua autorizada, mas mantendo-se sempre a gest\u00e3o da autoridade portu\u00e1ria p\u00fablica.<\/p>\n<p>O Banco Nacional do Desenvolvimento Econ\u00f4mico e Social (BNDES), a Ag\u00eancia Nacional de Transportes Aquavi\u00e1rios (Antaq) e o Minist\u00e9rio de Portos e Aeroportos (MPor) continuar\u00e3o com a compet\u00eancia de coordenar e monitorar as medidas de concess\u00e3o parcial dos servi\u00e7os portu\u00e1rios.<\/p>\n<div id=\"beacon_557c450881\"><\/div>\n<p>O Terminal SSB01, no Porto de S\u00e3o Sebasti\u00e3o, est\u00e1 qualificado, segundo a mesma resolu\u00e7\u00e3o, no \u00e2mbito do Programa de Parcerias de Investimentos (PPI). Mas a gest\u00e3o do Porto Organizado de S\u00e3o Sebasti\u00e3o foi exclu\u00edda do Plano Nacional de Desestatiza\u00e7\u00e3o (PND).<\/p>\n<p>Fonte: Portos e Navios<\/p>\n","protected":false},"excerpt":{"rendered":"<p>Est\u00e1 afastada oficialmente a privatiza\u00e7\u00e3o da gest\u00e3o do Porto de Santos. Foi publicada, nesta ter\u00e7a-feira (5\/12), no Di\u00e1rio Oficial da Uni\u00e3o, a Resolu\u00e7\u00e3o CPPI n?&#8230;<\/p>\n","protected":false},"author":1527,"featured_media":48789,"comment_status":"closed","ping_status":"closed","sticky":false,"template":"","format":"standard","meta":{"footnotes":""},"categories":[6],"tags":[],"class_list":["post-48788","post","type-post","status-publish","format-standard","has-post-thumbnail","hentry","category-noticias"],"_links":{"self":[{"href":"https:\/\/www.sincomam.org.br\/index.php\/wp-json\/wp\/v2\/posts\/48788","targetHints":{"allow":["GET"]}}],"collection":[{"href":"https:\/\/www.sincomam.org.br\/index.php\/wp-json\/wp\/v2\/posts"}],"about":[{"href":"https:\/\/www.sincomam.org.br\/index.php\/wp-json\/wp\/v2\/types\/post"}],"author":[{"embeddable":true,"href":"https:\/\/www.sincomam.org.br\/index.php\/wp-json\/wp\/v2\/users\/1527"}],"replies":[{"embeddable":true,"href":"https:\/\/www.sincomam.org.br\/index.php\/wp-json\/wp\/v2\/comments?post=48788"}],"version-history":[{"count":1,"href":"https:\/\/www.sincomam.org.br\/index.php\/wp-json\/wp\/v2\/posts\/48788\/revisions"}],"predecessor-version":[{"id":48790,"href":"https:\/\/www.sincomam.org.br\/index.php\/wp-json\/wp\/v2\/posts\/48788\/revisions\/48790"}],"wp:featuredmedia":[{"embeddable":true,"href":"https:\/\/www.sincomam.org.br\/index.php\/wp-json\/wp\/v2\/media\/48789"}],"wp:attachment":[{"href":"https:\/\/www.sincomam.org.br\/index.php\/wp-json\/wp\/v2\/media?parent=48788"}],"wp:term":[{"taxonomy":"category","embeddable":true,"href":"https:\/\/www.sincomam.org.br\/index.php\/wp-json\/wp\/v2\/categories?post=48788"},{"taxonomy":"post_tag","embeddable":true,"href":"https:\/\/www.sincomam.org.br\/index.php\/wp-json\/wp\/v2\/tags?post=48788"}],"curies":[{"name":"wp","href":"https:\/\/api.w.org\/{rel}","templated":true}]}}