{"id":48772,"date":"2023-12-06T07:00:15","date_gmt":"2023-12-06T10:00:15","guid":{"rendered":"http:\/\/www.sincomam.org.br\/?p=48772"},"modified":"2023-12-05T19:44:35","modified_gmt":"2023-12-05T22:44:35","slug":"estudo-mostra-que-somente-o-fim-do-desmatamento-pode-zerar-gases-estufa-no-brasil","status":"publish","type":"post","link":"https:\/\/www.sincomam.org.br\/index.php\/estudo-mostra-que-somente-o-fim-do-desmatamento-pode-zerar-gases-estufa-no-brasil\/","title":{"rendered":"Estudo mostra que somente o fim do desmatamento pode zerar gases estufa no Brasil"},"content":{"rendered":"<p>Acabar com o desmatamento legal e ilegal e investir na restaura\u00e7\u00e3o da vegeta\u00e7\u00e3o nativa\u00a0em larga escala est\u00e3o entre as medidas sugeridas por estudo da Universidade de Oxford, no Reino Unido, para que o Brasil chegue \u00e0 meta de zerar a emiss\u00e3o l\u00edquida de gases do efeito estufa at\u00e9 2050 \u2013 uma das obriga\u00e7\u00f5es assumidas pelo pa\u00eds diante do mundo para\u00a0<a href=\"http:\/\/%20https\/\/unfccc.int\/sites\/default\/files\/NDC\/2023-11\/Brazil%20First%20NDC%202023%20adjustment.pdf\" target=\"_blank\" rel=\"noopener\">combater a crise clim\u00e1tica<\/a>.\u00a0<img decoding=\"async\" src=\"https:\/\/agenciabrasil.ebc.com.br\/ebc.png?id=1570628&amp;o=node\" \/><img decoding=\"async\" src=\"https:\/\/agenciabrasil.ebc.com.br\/ebc.gif?id=1570628&amp;o=node\" \/><\/p>\n<p>Chamada de meta\u00a0net zero, ela define que todos os gases que um pa\u00eds emitir devem ser compensados pelos gases que ele \u00e9 capaz de absorver, por exemplo, pela a\u00e7\u00e3o das florestas. Os gases do efeito estufa, como di\u00f3xido de carbono (CO\u00b2) e metano (CH4), s\u00e3o os respons\u00e1veis pelo aquecimento da terra.<\/p>\n<p>Para alcan\u00e7ar essa meta no Brasil, a pesquisa da Oxford afirma que a melhor forma \u00e9 por meio de solu\u00e7\u00f5es baseadas na pr\u00f3pria natureza. J\u00e1 as solu\u00e7\u00f5es mais tecnol\u00f3gicas, como a\u00a0<a href=\"https:\/\/onlinelibrary.wiley.com\/doi\/10.1111\/gcb.16984#%C2%A0\" target=\"_blank\" rel=\"noopener\">captura de carbono na atmosfera<\/a>, al\u00e9m de mais caras, n\u00e3o se adaptam completamente \u00e0\u00a0situa\u00e7\u00e3o brasileira, segundo os pesquisadores.<\/p>\n<p>No debate clim\u00e1tico, o Brasil \u00e9 considerado uma lideran\u00e7a em potencial por ter matriz el\u00e9trica em que\u00a087% v\u00eam de fontes pouco ou menos poluentes, como a biomassa, as hidrel\u00e9tricas, a e\u00f3lica e a solar. Mesmo com essa vantagem, o pa\u00eds \u00e9 o\u00a0<a href=\"https:\/\/www.ons.org.br\/paginas\/sobre-o-sin\/o-sistema-em-numeroshttps:\/\/www.unep.org\/explore-topics\/climate-action\/what-we-do\/climate-action-note\/state-of-climate.html%C2%A0\" target=\"_blank\" rel=\"noopener\">sexto maior emissor<\/a>\u00a0absoluto de gases de efeito estufa do mundo, atr\u00e1s apenas da China, dos Estados Unidos, da \u00cdndia, R\u00fassia e do Jap\u00e3o.<\/p>\n<p>No caso brasileiro, o vil\u00e3o n\u00e3o \u00e9 a queima direta de combust\u00edvel f\u00f3ssil, mas o uso que o pa\u00eds faz da terra, com destaque para o desmatamento. Segundo a pesquisa, o uso da terra foi respons\u00e1vel por 46% das emiss\u00f5es de gases do efeito estufa em 2020, sendo 90% desse total causadas pelo desmatamento. O segundo principal vil\u00e3o \u00e9 o\u00a0<a href=\"https:\/\/infograficos.camara.leg.br\/o-brasil-se-prepara-parao-mercado-de-carbono\/%C2%A0\" target=\"_blank\" rel=\"noopener\">setor agropecu\u00e1rio<\/a>, respons\u00e1vel por 25% das emiss\u00f5es de gases do aquecimento global.<\/p>\n<p>\u201cEnquanto no mundo voc\u00ea tem 75% das emiss\u00f5es vindas\u00a0do setor de energia, no Brasil 75% v\u00eam de setores ligados ao uso da terra e \u00e0 agricultura\u201d, destacou Aline Soterroni, pesquisadora brasileira lotada no Departamento de Biologia da Universidade de Oxford.<\/p>\n<h2>Desmatamento legal<\/h2>\n<p>Diante desse cen\u00e1rio, a pesquisa afirma que o C\u00f3digo Florestal, caso fosse corretamente aplicado, seria capaz de reduzir as emiss\u00f5es l\u00edquidas em apenas 38% at\u00e9 2050. Isso porque o estudo estima que o desmatamento legal, aquele permitido pelo C\u00f3digo Florestal, pode chegar a 32 milh\u00f5es de hectares at\u00e9 2050, uma \u00e1rea do tamanho do estado do Maranh\u00e3o. Do total do desmatamento legal, quase metade (48%) deve ocorrer no Cerrado.<\/p>\n<p>\u201cVai ser muito dif\u00edcil reduzir as emiss\u00f5es com a agricultura, vai ser muito dif\u00edcil reduzir as emiss\u00f5es com a energia, ent\u00e3o o potencial maior pro Brasil \u00e9 realmente com o setor de uso da terra\u201d, destacou Aline.<\/p>\n<p>A solu\u00e7\u00e3o sugerida pelo estudo, calculada por meio de modelos matem\u00e1ticos, \u00e9 de um desmatamento zero, legal e ilegal, somado a um reflorestamento de 35 milh\u00f5es de hectares. Com isso, a meta de\u00a0net zero\u00a0seria 62% cumprida.<\/p>\n<h2>Agropecu\u00e1ria<\/h2>\n<p>O estudo calculou ainda como ficaria a produ\u00e7\u00e3o de carne bovina e de soja caso fosse\u00a0adotada a sugest\u00e3o de acabar com todo o desmatamento, aplicar corretamente o C\u00f3digo Florestal e reflorestar em larga escala. Afinal, a pesquisa calculou que, de 2019 a 2021, quase 98% das \u00e1reas desmatadas no Brasil foram diretas ou indiretamente impulsionadas pela agropecu\u00e1ria.<\/p>\n<p>Pelos c\u00e1lculos matem\u00e1ticos realizados, a produ\u00e7\u00e3o de carne bovina poderia cair de 8% a 17% e a de soja de 3% a 10% at\u00e9 2050, caso essas medidas sejam adotadas. Para Aline Soterroni, \u201c\u00e9 uma queda pequena frente aos servi\u00e7os ecossist\u00eamicos e prote\u00e7\u00e3o da biodiversidade que esse cen\u00e1rio vai proporcionar, que ser\u00e1 importante para adapta\u00e7\u00e3o e resili\u00eancia \u00e0s mudan\u00e7as clim\u00e1ticas. O Brasil pode acomodar sua produ\u00e7\u00e3o e continuar exportando com desmatamento zero\u201d.<\/p>\n<p>A cientista ambiental brasileira acrescentou que \u00e9 preciso ainda aumentar a produtividade, principalmente da pecu\u00e1ria que, no Brasil, ocupa extensas \u00e1reas para poucas cabe\u00e7as de gado. Ao mesmo tempo que \u00e9 um dos vetores do desmatamento, a agropecu\u00e1ria deve ser duramente afetada pelas mudan\u00e7as clim\u00e1ticas.<\/p>\n<p>\u201cA agricultura brasileira depende dos servi\u00e7os ecossist\u00eamicos da natureza, afinal\u00a090% da agricultura do Brasil n\u00e3o s\u00e3o\u00a0irrigados, ela depende da \u00e1gua da chuva. Portanto, \u00e9 fundamental manter o equil\u00edbrio dos ecossistemas para o pr\u00f3prio futuro da agricultura brasileira. Para isso, \u00e9 estrat\u00e9gico acabar com o desmatamento e n\u00e3o h\u00e1 necessidade de desmatar para continuar produzindo\u201d, explicou.<\/p>\n<p>Aline lembrou\u00a0que o Brasil ainda n\u00e3o incluiu a meta de zerar as emiss\u00f5es l\u00edquidas de gases do efeito estufa at\u00e9 2050 nos planos e legisla\u00e7\u00f5es nacionais. \u201cVoc\u00ea precisa de um plano com metas intermedi\u00e1rias, com metas de emiss\u00f5es de cada setor e monitorar isso com ambi\u00e7\u00e3o\u201d, concluiu.<\/p>\n<p>Fonte: Ag\u00eancia Brasil<\/p>\n","protected":false},"excerpt":{"rendered":"<p>Acabar com o desmatamento legal e ilegal e investir na restaura\u00e7\u00e3o da vegeta\u00e7\u00e3o nativa\u00a0em larga escala est\u00e3o entre as medidas sugeridas por estudo da Universidade&#8230;<\/p>\n","protected":false},"author":1527,"featured_media":48773,"comment_status":"closed","ping_status":"closed","sticky":false,"template":"","format":"standard","meta":{"footnotes":""},"categories":[6],"tags":[],"class_list":["post-48772","post","type-post","status-publish","format-standard","has-post-thumbnail","hentry","category-noticias"],"_links":{"self":[{"href":"https:\/\/www.sincomam.org.br\/index.php\/wp-json\/wp\/v2\/posts\/48772","targetHints":{"allow":["GET"]}}],"collection":[{"href":"https:\/\/www.sincomam.org.br\/index.php\/wp-json\/wp\/v2\/posts"}],"about":[{"href":"https:\/\/www.sincomam.org.br\/index.php\/wp-json\/wp\/v2\/types\/post"}],"author":[{"embeddable":true,"href":"https:\/\/www.sincomam.org.br\/index.php\/wp-json\/wp\/v2\/users\/1527"}],"replies":[{"embeddable":true,"href":"https:\/\/www.sincomam.org.br\/index.php\/wp-json\/wp\/v2\/comments?post=48772"}],"version-history":[{"count":1,"href":"https:\/\/www.sincomam.org.br\/index.php\/wp-json\/wp\/v2\/posts\/48772\/revisions"}],"predecessor-version":[{"id":48774,"href":"https:\/\/www.sincomam.org.br\/index.php\/wp-json\/wp\/v2\/posts\/48772\/revisions\/48774"}],"wp:featuredmedia":[{"embeddable":true,"href":"https:\/\/www.sincomam.org.br\/index.php\/wp-json\/wp\/v2\/media\/48773"}],"wp:attachment":[{"href":"https:\/\/www.sincomam.org.br\/index.php\/wp-json\/wp\/v2\/media?parent=48772"}],"wp:term":[{"taxonomy":"category","embeddable":true,"href":"https:\/\/www.sincomam.org.br\/index.php\/wp-json\/wp\/v2\/categories?post=48772"},{"taxonomy":"post_tag","embeddable":true,"href":"https:\/\/www.sincomam.org.br\/index.php\/wp-json\/wp\/v2\/tags?post=48772"}],"curies":[{"name":"wp","href":"https:\/\/api.w.org\/{rel}","templated":true}]}}