{"id":48766,"date":"2023-12-06T07:00:47","date_gmt":"2023-12-06T10:00:47","guid":{"rendered":"http:\/\/www.sincomam.org.br\/?p=48766"},"modified":"2023-12-05T19:36:31","modified_gmt":"2023-12-05T22:36:31","slug":"eamsc-promove-tradicional-quebra-sal-para-guardas-marinha-a-bordo-do-betelgeuse","status":"publish","type":"post","link":"https:\/\/www.sincomam.org.br\/index.php\/eamsc-promove-tradicional-quebra-sal-para-guardas-marinha-a-bordo-do-betelgeuse\/","title":{"rendered":"EAMSC Promove Tradicional \u201cQuebra-Sal\u201d para Guardas-Marinha a Bordo do Betelgeuse"},"content":{"rendered":"<p>A Escola de Aprendizes-Marinheiros de Santa Catarina (EAMSC) celebrou, no dia 22 de novembro, o tradicional \u201cQuebra-Sal\u201d para os Guardas-Marinhas da Turma 2\/2023 do N\u00facleo de Forma\u00e7\u00e3o de Reservistas Navais da Marinha (NFRN). O evento ocorreu a bordo do Aviso Balizador Betelgeuse, pertencente \u00e0 Capitania dos Portos de Santa Catarina (CPSC).<\/p>\n<p><strong>Experi\u00eancia Pr\u00e1tica em Alto-Mar<\/strong><\/p>\n<p>Este evento representou uma oportunidade significativa para os Guardas-Marinha, que puderam vivenciar pr\u00e1ticas marinheiras operativas durante o embarque. Essa experi\u00eancia pr\u00e1tica \u00e9 crucial na forma\u00e7\u00e3o naval, proporcionando aos novos marinheiros uma compreens\u00e3o direta das opera\u00e7\u00f5es mar\u00edtimas.<\/p>\n<div class=\"td-a-rec td-a-rec-id-content_inline tdi_2 td_block_template_11\">\n<p><strong>Visita ao Farol do Arvoredo<\/strong><\/p>\n<\/div>\n<p>Um dos pontos altos do \u201cQuebra-Sal\u201d foi a visita ao Farol do Arvoredo, localizado no munic\u00edpio de Governador Celso Ramos-SC. Esta visita permitiu aos Guardas-Marinha apreciar um dos marcos hist\u00f3ricos e geogr\u00e1ficos importantes da regi\u00e3o, integrando conhecimento pr\u00e1tico com a rica hist\u00f3ria mar\u00edtima local.<\/p>\n<p><strong>Import\u00e2ncia do \u201cQuebra-Sal\u201d<\/strong><\/p>\n<p>O \u201cQuebra-Sal\u201d \u00e9 uma tradi\u00e7\u00e3o naval que simboliza a primeira experi\u00eancia dos marinheiros em alto-mar. Para os Guardas-Marinha, esse evento n\u00e3o s\u00f3 marca um rito de passagem importante, mas tamb\u00e9m refor\u00e7a os valores, as tradi\u00e7\u00f5es e as habilidades essenciais da vida naval.<\/p>\n<div class=\"td-g-rec td-g-rec-id-content_bottom tdi_4 td_block_template_11\">Fonte: Defesa em Foco<\/div>\n","protected":false},"excerpt":{"rendered":"<p>A Escola de Aprendizes-Marinheiros de Santa Catarina (EAMSC) celebrou, no dia 22 de novembro, o tradicional \u201cQuebra-Sal\u201d para os Guardas-Marinhas da Turma 2\/2023 do N\u00facleo&#8230;<\/p>\n","protected":false},"author":1527,"featured_media":48767,"comment_status":"closed","ping_status":"closed","sticky":false,"template":"","format":"standard","meta":{"footnotes":""},"categories":[6],"tags":[],"class_list":["post-48766","post","type-post","status-publish","format-standard","has-post-thumbnail","hentry","category-noticias"],"_links":{"self":[{"href":"https:\/\/www.sincomam.org.br\/index.php\/wp-json\/wp\/v2\/posts\/48766","targetHints":{"allow":["GET"]}}],"collection":[{"href":"https:\/\/www.sincomam.org.br\/index.php\/wp-json\/wp\/v2\/posts"}],"about":[{"href":"https:\/\/www.sincomam.org.br\/index.php\/wp-json\/wp\/v2\/types\/post"}],"author":[{"embeddable":true,"href":"https:\/\/www.sincomam.org.br\/index.php\/wp-json\/wp\/v2\/users\/1527"}],"replies":[{"embeddable":true,"href":"https:\/\/www.sincomam.org.br\/index.php\/wp-json\/wp\/v2\/comments?post=48766"}],"version-history":[{"count":1,"href":"https:\/\/www.sincomam.org.br\/index.php\/wp-json\/wp\/v2\/posts\/48766\/revisions"}],"predecessor-version":[{"id":48768,"href":"https:\/\/www.sincomam.org.br\/index.php\/wp-json\/wp\/v2\/posts\/48766\/revisions\/48768"}],"wp:featuredmedia":[{"embeddable":true,"href":"https:\/\/www.sincomam.org.br\/index.php\/wp-json\/wp\/v2\/media\/48767"}],"wp:attachment":[{"href":"https:\/\/www.sincomam.org.br\/index.php\/wp-json\/wp\/v2\/media?parent=48766"}],"wp:term":[{"taxonomy":"category","embeddable":true,"href":"https:\/\/www.sincomam.org.br\/index.php\/wp-json\/wp\/v2\/categories?post=48766"},{"taxonomy":"post_tag","embeddable":true,"href":"https:\/\/www.sincomam.org.br\/index.php\/wp-json\/wp\/v2\/tags?post=48766"}],"curies":[{"name":"wp","href":"https:\/\/api.w.org\/{rel}","templated":true}]}}