{"id":48755,"date":"2023-12-06T07:00:26","date_gmt":"2023-12-06T10:00:26","guid":{"rendered":"http:\/\/www.sincomam.org.br\/?p=48755"},"modified":"2023-12-05T19:32:03","modified_gmt":"2023-12-05T22:32:03","slug":"rio-de-janeiro-sediara-a-convencao-da-aapa-america-latina-em-2025","status":"publish","type":"post","link":"https:\/\/www.sincomam.org.br\/index.php\/rio-de-janeiro-sediara-a-convencao-da-aapa-america-latina-em-2025\/","title":{"rendered":"Rio de Janeiro sediar\u00e1 a conven\u00e7\u00e3o da AAPA &#8211; America Latina em 2025"},"content":{"rendered":"<p>A PortosRio foi aprovada por aclama\u00e7\u00e3o como anfitri\u00e3 da 33\u00aa Conven\u00e7\u00e3o da APPA Am\u00e9rica Latina. Representantes dos portos latino-americanos afiliados \u00e0 Associa\u00e7\u00e3o Americana de Autoridades Portu\u00e1rias &#8211; APPA aprovaram por aclama\u00e7\u00e3o a candidatura do Porto do Rio de Janeiro como sede da 33\u00aa edi\u00e7\u00e3o da conven\u00e7\u00e3o de portos que ocorrer\u00e1 em mar\u00e7o de 2025.<\/p>\n<p>Em 2024, o evento ser\u00e1 em Canc\u00fan, M\u00e9xico.<\/p>\n<p>Os principais atores do setor portu\u00e1rio da Am\u00e9rica Latina est\u00e3o reunidos em Barranquilla, Col\u00f4mbia, para a 31\u00aa Conven\u00e7\u00e3o da APPA, que ocorre entre 4 e 6 de dezembro.<\/p>\n<p>Fonte: Portos e Navios<\/p>\n","protected":false},"excerpt":{"rendered":"<p>A PortosRio foi aprovada por aclama\u00e7\u00e3o como anfitri\u00e3 da 33\u00aa Conven\u00e7\u00e3o da APPA Am\u00e9rica Latina. Representantes dos portos latino-americanos afiliados \u00e0 Associa\u00e7\u00e3o Americana de Autoridades&#8230;<\/p>\n","protected":false},"author":1527,"featured_media":48758,"comment_status":"closed","ping_status":"closed","sticky":false,"template":"","format":"standard","meta":{"footnotes":""},"categories":[6],"tags":[],"class_list":["post-48755","post","type-post","status-publish","format-standard","has-post-thumbnail","hentry","category-noticias"],"_links":{"self":[{"href":"https:\/\/www.sincomam.org.br\/index.php\/wp-json\/wp\/v2\/posts\/48755","targetHints":{"allow":["GET"]}}],"collection":[{"href":"https:\/\/www.sincomam.org.br\/index.php\/wp-json\/wp\/v2\/posts"}],"about":[{"href":"https:\/\/www.sincomam.org.br\/index.php\/wp-json\/wp\/v2\/types\/post"}],"author":[{"embeddable":true,"href":"https:\/\/www.sincomam.org.br\/index.php\/wp-json\/wp\/v2\/users\/1527"}],"replies":[{"embeddable":true,"href":"https:\/\/www.sincomam.org.br\/index.php\/wp-json\/wp\/v2\/comments?post=48755"}],"version-history":[{"count":1,"href":"https:\/\/www.sincomam.org.br\/index.php\/wp-json\/wp\/v2\/posts\/48755\/revisions"}],"predecessor-version":[{"id":48759,"href":"https:\/\/www.sincomam.org.br\/index.php\/wp-json\/wp\/v2\/posts\/48755\/revisions\/48759"}],"wp:featuredmedia":[{"embeddable":true,"href":"https:\/\/www.sincomam.org.br\/index.php\/wp-json\/wp\/v2\/media\/48758"}],"wp:attachment":[{"href":"https:\/\/www.sincomam.org.br\/index.php\/wp-json\/wp\/v2\/media?parent=48755"}],"wp:term":[{"taxonomy":"category","embeddable":true,"href":"https:\/\/www.sincomam.org.br\/index.php\/wp-json\/wp\/v2\/categories?post=48755"},{"taxonomy":"post_tag","embeddable":true,"href":"https:\/\/www.sincomam.org.br\/index.php\/wp-json\/wp\/v2\/tags?post=48755"}],"curies":[{"name":"wp","href":"https:\/\/api.w.org\/{rel}","templated":true}]}}