{"id":48742,"date":"2023-12-05T08:46:10","date_gmt":"2023-12-05T11:46:10","guid":{"rendered":"http:\/\/www.sincomam.org.br\/?p=48742"},"modified":"2023-12-05T08:46:10","modified_gmt":"2023-12-05T11:46:10","slug":"maceio-peixe-na-agua-e-rede-vazia-desastre-da-braskem-atinge-pescadores","status":"publish","type":"post","link":"https:\/\/www.sincomam.org.br\/index.php\/maceio-peixe-na-agua-e-rede-vazia-desastre-da-braskem-atinge-pescadores\/","title":{"rendered":"Macei\u00f3: Peixe na \u00e1gua e rede vazia: desastre da Braskem atinge pescadores"},"content":{"rendered":"<p>Parte dos peixes e mariscos sempre presentes no prato dos moradores de Macei\u00f3 tendem a sumir. Tainha, bagre, mandim, camurim, moror\u00f3, sururu, ma\u00e7unim, siri e caranguejo, que habitam a Lagoa Munda\u00fa, correm risco de n\u00e3o serem mais pescados, ao menos por um tempo.<img decoding=\"async\" src=\"https:\/\/agenciabrasil.ebc.com.br\/ebc.png?id=1570486&amp;o=node\" \/><img decoding=\"async\" src=\"https:\/\/agenciabrasil.ebc.com.br\/ebc.gif?id=1570486&amp;o=node\" \/><\/p>\n<p>Na \u00faltima sexta-feira (1\u00ba), a Capitania dos Portos, \u00f3rg\u00e3o da Marinha, proibiu o tr\u00e1fego de embarca\u00e7\u00f5es em grande parte da Lagoa Munda\u00fa devido aos\u00a0riscos de desabamento\u00a0da mina n\u00ba 18 de explora\u00e7\u00e3o de sal-gema pela petroqu\u00edmica Braskem.<\/p>\n<p>Desde o come\u00e7o da crise com afundamento das minas, iniciada em 2018, \u00e9 a primeira vez que as atividades de pesca s\u00e3o proibidas<\/p>\n<p>A situa\u00e7\u00e3o trouxe desespero para ao menos 500 pescadores da regi\u00e3o, que j\u00e1 vinham sofrendo com a assoreamento da lagoa e a polui\u00e7\u00e3o.<\/p>\n<p>Mauro Santos, presidente da Col\u00f4nia de Pescadores da Zona 4, que circula a \u00e1rea isolada pela explora\u00e7\u00e3o da Braskem, fala que a produ\u00e7\u00e3o do pescado vem diminuindo nos \u00faltimos 10 anos.<\/p>\n<p>\u201cDevido ao medo desse afundamento (da mina 18 da Braskem), a capitania botou uma nota impedindo de circular ali, naquela \u00e1rea. Mas ali a gente n\u00e3o circula, a gente trabalha. \u00c9 diferente de interditar uma via, porque ao interditar uma via, sempre se arruma outra alternativa. E a gente n\u00e3o, n\u00e3o pode interditar onde \u00e9 trabalho. Ali n\u00e3o \u00e9 passeio, \u00e9 o trabalho da gente l\u00e1\u201d, diz Mauro.<\/p>\n<p>A pescadora e marisqueira Andreza Santos afirma que a situa\u00e7\u00e3o da pesca piorou nos \u00faltimos anos. Ela diz que com a proibi\u00e7\u00e3o da pesca na lagoa, est\u00e1 indo para locais mais distantes para trabalhar.<\/p>\n<p>\u201cA gente t\u00e1 se virando como pode. Estamos indo para outro local, que n\u00e3o \u00e9 nossa \u00e1rea, para pescar mais longe. Agora veio ajuda das cestas b\u00e1sicas, mas n\u00e3o vai amenizar nosso sofrimento como pescadores. A gente quer que o pessoal tenha responsabilidade com a gente, que somos pescadores. Hoje era para a gente estar com essas redes na \u00e1gua\u201d, lamenta.<\/p>\n<p>Mauro Santos diz que a maioria dos pescadores vive ao redor da Lagoa do Munda\u00fa e, por medo, pede a realoca\u00e7\u00e3o dos Flexais, comunidades no bairro de Bebedouro. A demanda emergencial dos pescadores \u00e9 que se pague um aux\u00edlio ou seguro defeso que permita a sobreviv\u00eancia.<\/p>\n<p>No final de semana, a prefeitura de Macei\u00f3 come\u00e7ou a entrega de cestas b\u00e1sicas que, para os pescadores, ainda \u00e9 insuficiente.<\/p>\n<p>\u201cPara quem estava impedido de pescar, tendo necessidade de levar o alimento para casa, a\u00ed [a cesta b\u00e1sica] j\u00e1 foi um paliativo. \u00c9 um paliativo enquanto a gente est\u00e1 reivindicando uma ajuda, que seja tanto um aux\u00edlio como um seguro [defeso] para melhorar. Porque a gente n\u00e3o vai viver s\u00f3 de comida, porque a gente precisa pagar \u00e1gua, precisa pagar luz. \u00c9 por isso que precisa de uma ajuda.\u201d, apela Mauro.<\/p>\n<p>Nesta segunda-feira (4), a prefeitura se reuniu com o Minist\u00e9rio da Pesca para solicitar o seguro defeso para os pescadores atingidos pela a\u00e7\u00e3o da Braskem.<\/p>\n<h2>Centro de Apoio<\/h2>\n<p>Em nota, a Braskem informou que est\u00e1 em constru\u00e7\u00e3o um centro de apoio aos pescadores e p\u00eder, tendo sido seus projetos discutidos com representantes da Col\u00f4nia de Pescadores Z4 e Federa\u00e7\u00e3o dos Pescadores. A empresa reconhece ainda a condi\u00e7\u00e3o de isolamento social dos moradores das comunidades dos Flexais.<\/p>\n<p>A Braskem ainda afirma que diagn\u00f3stico ambiental independente e demais estudos realizados demonstram n\u00e3o haver impacto na qualidade da \u00e1gua ou restri\u00e7\u00e3o \u00e0 atividade pesqueira decorrente das atividades da empresa.<\/p>\n<p>Na segunda-feira, o Minist\u00e9rio P\u00fablico Federal\u00a0de Alagoas e a Defensoria P\u00fablica da Uni\u00e3o expediram uma recomenda\u00e7\u00e3o para que a Braskem, em 5 dias, garanta aux\u00edlio-financeiro para pescadores e marisqueiros atingidos pela interdi\u00e7\u00e3o da Lagoa Munda\u00fa.<\/p>\n<p>Fonte: Ag\u00eancia Brasil<\/p>\n","protected":false},"excerpt":{"rendered":"<p>Parte dos peixes e mariscos sempre presentes no prato dos moradores de Macei\u00f3 tendem a sumir. Tainha, bagre, mandim, camurim, moror\u00f3, sururu, ma\u00e7unim, siri e&#8230;<\/p>\n","protected":false},"author":1527,"featured_media":48743,"comment_status":"closed","ping_status":"closed","sticky":false,"template":"","format":"standard","meta":{"footnotes":""},"categories":[6],"tags":[],"class_list":["post-48742","post","type-post","status-publish","format-standard","has-post-thumbnail","hentry","category-noticias"],"_links":{"self":[{"href":"https:\/\/www.sincomam.org.br\/index.php\/wp-json\/wp\/v2\/posts\/48742","targetHints":{"allow":["GET"]}}],"collection":[{"href":"https:\/\/www.sincomam.org.br\/index.php\/wp-json\/wp\/v2\/posts"}],"about":[{"href":"https:\/\/www.sincomam.org.br\/index.php\/wp-json\/wp\/v2\/types\/post"}],"author":[{"embeddable":true,"href":"https:\/\/www.sincomam.org.br\/index.php\/wp-json\/wp\/v2\/users\/1527"}],"replies":[{"embeddable":true,"href":"https:\/\/www.sincomam.org.br\/index.php\/wp-json\/wp\/v2\/comments?post=48742"}],"version-history":[{"count":1,"href":"https:\/\/www.sincomam.org.br\/index.php\/wp-json\/wp\/v2\/posts\/48742\/revisions"}],"predecessor-version":[{"id":48744,"href":"https:\/\/www.sincomam.org.br\/index.php\/wp-json\/wp\/v2\/posts\/48742\/revisions\/48744"}],"wp:featuredmedia":[{"embeddable":true,"href":"https:\/\/www.sincomam.org.br\/index.php\/wp-json\/wp\/v2\/media\/48743"}],"wp:attachment":[{"href":"https:\/\/www.sincomam.org.br\/index.php\/wp-json\/wp\/v2\/media?parent=48742"}],"wp:term":[{"taxonomy":"category","embeddable":true,"href":"https:\/\/www.sincomam.org.br\/index.php\/wp-json\/wp\/v2\/categories?post=48742"},{"taxonomy":"post_tag","embeddable":true,"href":"https:\/\/www.sincomam.org.br\/index.php\/wp-json\/wp\/v2\/tags?post=48742"}],"curies":[{"name":"wp","href":"https:\/\/api.w.org\/{rel}","templated":true}]}}