{"id":48713,"date":"2023-12-04T07:00:41","date_gmt":"2023-12-04T10:00:41","guid":{"rendered":"http:\/\/www.sincomam.org.br\/?p=48713"},"modified":"2023-12-03T17:54:30","modified_gmt":"2023-12-03T20:54:30","slug":"porto-de-suape-da-inicio-a-ultima-etapa-da-dragagem-do-canal-externo","status":"publish","type":"post","link":"https:\/\/www.sincomam.org.br\/index.php\/porto-de-suape-da-inicio-a-ultima-etapa-da-dragagem-do-canal-externo\/","title":{"rendered":"Porto de Suape d\u00e1 in\u00edcio \u00e0 \u00faltima etapa da dragagem do canal externo"},"content":{"rendered":"<p>O m\u00eas de dezembro come\u00e7a com boas not\u00edcias para o crescimento do Porto de Suape, localizado na regi\u00e3o metropolitana do Recife. Trata-se do in\u00edcio da \u00faltima etapa da dragagem do canal externo do atracadouro. O servi\u00e7o teve in\u00edcio na sexta-feira (1), para aprofundamento de at\u00e9 20 metros. A a\u00e7\u00e3o possibilitar\u00e1 a atraca\u00e7\u00e3o de embarca\u00e7\u00f5es de grande porte com sua capacidade m\u00e1xima, como navios petroleiros do tipo Suezmax.<\/p>\n<p>\u201cA obra \u00e9 necess\u00e1ria para garantir um porto de \u00e1guas profundas, a\u00e7\u00e3o que est\u00e1 alinhada com as obras de amplia\u00e7\u00e3o da Refinaria Abreu e Lima. A dragagem tamb\u00e9m \u00e9 fundamental para potencializar a opera\u00e7\u00e3o dos dois terminais de cont\u00eaineres (o segundo come\u00e7a a operar em 2026), no sentido de receberem navios com maior capacidade de carga. Mas o mais importante \u00e9 que estamos totalmente comprometidos com a seguran\u00e7a e o controle ambiental da obra. Vamos usar uma draga, a maior e mais moderna do mundo, detentora de um sistema que provoca o menor impacto poss\u00edvel\u201d, afirma o diretor-presidente de Suape, Marcio Guiot.<\/p>\n<div id=\"beacon_2c797cb403\"><\/div>\n<p>A interven\u00e7\u00e3o autorizada pelo \u00f3rg\u00e3o ambiental estadual tem previs\u00e3o de ser conclu\u00edda em at\u00e9 cinco meses.<\/p>\n<p>O servi\u00e7o ser\u00e1 executado pela empresa holandesa Van Oord, com pagamento de R$ 140 milh\u00f5es em recursos pr\u00f3prios. A maior draga do mundo do tipo corte e suc\u00e7\u00e3o, a &#8220;Willem Van Rubroeck&#8221;, opera pela primeira vez num porto brasileiro. No total, ser\u00e3o removidos, aproximadamente, 1.368.000 metros c\u00fabicos de sedimentos do mar.<\/p>\n<p>Fonte: Portos e Navios<\/p>\n","protected":false},"excerpt":{"rendered":"<p>O m\u00eas de dezembro come\u00e7a com boas not\u00edcias para o crescimento do Porto de Suape, localizado na regi\u00e3o metropolitana do Recife. Trata-se do in\u00edcio da&#8230;<\/p>\n","protected":false},"author":1527,"featured_media":48714,"comment_status":"closed","ping_status":"closed","sticky":false,"template":"","format":"standard","meta":{"footnotes":""},"categories":[6],"tags":[],"class_list":["post-48713","post","type-post","status-publish","format-standard","has-post-thumbnail","hentry","category-noticias"],"_links":{"self":[{"href":"https:\/\/www.sincomam.org.br\/index.php\/wp-json\/wp\/v2\/posts\/48713","targetHints":{"allow":["GET"]}}],"collection":[{"href":"https:\/\/www.sincomam.org.br\/index.php\/wp-json\/wp\/v2\/posts"}],"about":[{"href":"https:\/\/www.sincomam.org.br\/index.php\/wp-json\/wp\/v2\/types\/post"}],"author":[{"embeddable":true,"href":"https:\/\/www.sincomam.org.br\/index.php\/wp-json\/wp\/v2\/users\/1527"}],"replies":[{"embeddable":true,"href":"https:\/\/www.sincomam.org.br\/index.php\/wp-json\/wp\/v2\/comments?post=48713"}],"version-history":[{"count":1,"href":"https:\/\/www.sincomam.org.br\/index.php\/wp-json\/wp\/v2\/posts\/48713\/revisions"}],"predecessor-version":[{"id":48715,"href":"https:\/\/www.sincomam.org.br\/index.php\/wp-json\/wp\/v2\/posts\/48713\/revisions\/48715"}],"wp:featuredmedia":[{"embeddable":true,"href":"https:\/\/www.sincomam.org.br\/index.php\/wp-json\/wp\/v2\/media\/48714"}],"wp:attachment":[{"href":"https:\/\/www.sincomam.org.br\/index.php\/wp-json\/wp\/v2\/media?parent=48713"}],"wp:term":[{"taxonomy":"category","embeddable":true,"href":"https:\/\/www.sincomam.org.br\/index.php\/wp-json\/wp\/v2\/categories?post=48713"},{"taxonomy":"post_tag","embeddable":true,"href":"https:\/\/www.sincomam.org.br\/index.php\/wp-json\/wp\/v2\/tags?post=48713"}],"curies":[{"name":"wp","href":"https:\/\/api.w.org\/{rel}","templated":true}]}}