{"id":48703,"date":"2023-12-04T07:00:31","date_gmt":"2023-12-04T10:00:31","guid":{"rendered":"http:\/\/www.sincomam.org.br\/?p=48703"},"modified":"2023-12-04T14:13:34","modified_gmt":"2023-12-04T17:13:34","slug":"capitania-dos-portos-da-bahia-promove-conscientizacao-nautica","status":"publish","type":"post","link":"https:\/\/www.sincomam.org.br\/index.php\/capitania-dos-portos-da-bahia-promove-conscientizacao-nautica\/","title":{"rendered":"Capitania dos Portos da Bahia Promove Conscientiza\u00e7\u00e3o N\u00e1utica"},"content":{"rendered":"<p>A Capitania dos Portos da Bahia (CPBA) inaugurou a 28\u00aa edi\u00e7\u00e3o da campanha \u201cLegal no Mar \u2013 Navegue com Seguran\u00e7a\u201d em um evento marcante no dia 28 de novembro. Presidida pelo Comandante do 2\u00ba Distrito Naval, Vice-Almirante Antonio Carlos Cambra, a cerim\u00f4nia contou com a presen\u00e7a de not\u00e1veis autoridades militares e civis, assim como importantes figuras da comunidade n\u00e1utica, patrocinadores e apoiadores da iniciativa.<\/p>\n<p><strong>Educa\u00e7\u00e3o e Seguran\u00e7a no Foco<\/strong><\/p>\n<p>Iniciada em 1996, a \u201cLegal no Mar\u201d tem como objetivo primordial a educa\u00e7\u00e3o sobre a seguran\u00e7a na navega\u00e7\u00e3o, a salvaguarda da vida humana no mar e a preven\u00e7\u00e3o da polui\u00e7\u00e3o h\u00eddrica causada por embarca\u00e7\u00f5es. O Capit\u00e3o dos Portos da Bahia, Capit\u00e3o de Mar e Guerra Wellington Lemos Gagno, destacou em sua palestra as a\u00e7\u00f5es programadas para a campanha. Estas incluem a realiza\u00e7\u00e3o de palestras em col\u00f4nias de pescadores e entidades n\u00e1uticas sob a jurisdi\u00e7\u00e3o da CPBA.<\/p>\n<p><strong>Opera\u00e7\u00e3o Ver\u00e3o 2023\/2024<\/strong><\/p>\n<p>Al\u00e9m disso, o evento serviu de palco para o an\u00fancio do plano de trabalho da \u201cOpera\u00e7\u00e3o Ver\u00e3o 2023\/2024\u201d, que ter\u00e1 in\u00edcio em 15 de dezembro. Esta opera\u00e7\u00e3o visa intensificar as a\u00e7\u00f5es de fiscaliza\u00e7\u00e3o e orienta\u00e7\u00e3o durante a temporada de ver\u00e3o, per\u00edodo de grande movimento nas \u00e1guas brasileiras.<\/p>\n<p><strong>Participa\u00e7\u00e3o de Celebridades na Campanha<\/strong><\/p>\n<p>Um dos destaques da campanha s\u00e3o os v\u00eddeos produzidos com a participa\u00e7\u00e3o de celebridades como Ivete Sangalo, Durval Lelys, Xanddy Harmonia e Alexandre Peixe. Atletas como Juliana Duque, Rafael Martins e Daniel Cady, bem como o experiente velejador Aleixo Belov, tamb\u00e9m contribu\u00edram para esses materiais. Os v\u00eddeos ser\u00e3o amplamente divulgados nas m\u00eddias sociais e nas principais emissoras de TV locais ao longo do ver\u00e3o, ampliando o alcance da mensagem de seguran\u00e7a no mar.<\/p>\n<p>Fonte: Defesa em Foco<\/p>\n","protected":false},"excerpt":{"rendered":"<p>A Capitania dos Portos da Bahia (CPBA) inaugurou a 28\u00aa edi\u00e7\u00e3o da campanha \u201cLegal no Mar \u2013 Navegue com Seguran\u00e7a\u201d em um evento marcante no&#8230;<\/p>\n","protected":false},"author":1527,"featured_media":48725,"comment_status":"closed","ping_status":"closed","sticky":false,"template":"","format":"standard","meta":{"footnotes":""},"categories":[6],"tags":[],"class_list":["post-48703","post","type-post","status-publish","format-standard","has-post-thumbnail","hentry","category-noticias"],"_links":{"self":[{"href":"https:\/\/www.sincomam.org.br\/index.php\/wp-json\/wp\/v2\/posts\/48703","targetHints":{"allow":["GET"]}}],"collection":[{"href":"https:\/\/www.sincomam.org.br\/index.php\/wp-json\/wp\/v2\/posts"}],"about":[{"href":"https:\/\/www.sincomam.org.br\/index.php\/wp-json\/wp\/v2\/types\/post"}],"author":[{"embeddable":true,"href":"https:\/\/www.sincomam.org.br\/index.php\/wp-json\/wp\/v2\/users\/1527"}],"replies":[{"embeddable":true,"href":"https:\/\/www.sincomam.org.br\/index.php\/wp-json\/wp\/v2\/comments?post=48703"}],"version-history":[{"count":1,"href":"https:\/\/www.sincomam.org.br\/index.php\/wp-json\/wp\/v2\/posts\/48703\/revisions"}],"predecessor-version":[{"id":48704,"href":"https:\/\/www.sincomam.org.br\/index.php\/wp-json\/wp\/v2\/posts\/48703\/revisions\/48704"}],"wp:featuredmedia":[{"embeddable":true,"href":"https:\/\/www.sincomam.org.br\/index.php\/wp-json\/wp\/v2\/media\/48725"}],"wp:attachment":[{"href":"https:\/\/www.sincomam.org.br\/index.php\/wp-json\/wp\/v2\/media?parent=48703"}],"wp:term":[{"taxonomy":"category","embeddable":true,"href":"https:\/\/www.sincomam.org.br\/index.php\/wp-json\/wp\/v2\/categories?post=48703"},{"taxonomy":"post_tag","embeddable":true,"href":"https:\/\/www.sincomam.org.br\/index.php\/wp-json\/wp\/v2\/tags?post=48703"}],"curies":[{"name":"wp","href":"https:\/\/api.w.org\/{rel}","templated":true}]}}