{"id":48700,"date":"2023-12-01T08:38:31","date_gmt":"2023-12-01T11:38:31","guid":{"rendered":"http:\/\/www.sincomam.org.br\/?p=48700"},"modified":"2023-12-04T14:11:51","modified_gmt":"2023-12-04T17:11:51","slug":"paranagua-entra-no-circuito-dos-cruzeiros-com-16-viagens-de-navios-na-temporada-2024","status":"publish","type":"post","link":"https:\/\/www.sincomam.org.br\/index.php\/paranagua-entra-no-circuito-dos-cruzeiros-com-16-viagens-de-navios-na-temporada-2024\/","title":{"rendered":"Paranagu\u00e1 entra no circuito dos cruzeiros com 16 viagens de navios na temporada 2024"},"content":{"rendered":"<div id=\"chunk-a1uku\">\n<div class=\"mc-column content-text active-extra-styles \" data-block-type=\"unstyled\" data-block-weight=\"30\" data-block-id=\"2\">\n<p class=\" content-text__container \" data-track-category=\"Link no Texto\" data-track-links=\"\">A partir desta sexta-feira (1\u00ba),\u00a0Paranagu\u00e1, no litoral do Paran\u00e1, passar\u00e1 a ter oficialmente a movimenta\u00e7\u00e3o comercial de cruzeiros, inaugurando a entrada da cidade na rota das viagens tur\u00edsticas mar\u00edtimas.<\/p>\n<\/div>\n<\/div>\n<div class=\"wall protected-content\">\n<div id=\"chunk-36i1f\">\n<div class=\"mc-column content-text active-extra-styles \" data-block-type=\"unstyled\" data-block-weight=\"28\" data-block-id=\"4\">\n<p class=\" content-text__container \" data-track-category=\"Link no Texto\" data-track-links=\"\">Passar\u00e3o, inicialmente, 16 viagens de dois navios com passageiros na temporada 2024. A expectativa do governo estadual \u00e9 de que, pelo menos, 40 mil turistas passem pelo munic\u00edpio.<\/p>\n<\/div>\n<\/div>\n<div id=\"chunk-ekaqn\">\n<div class=\"mc-column content-text active-extra-styles \" data-block-type=\"unstyled\" data-block-weight=\"30\" data-block-id=\"5\">\n<p class=\" content-text__container \" data-track-category=\"Link no Texto\" data-track-links=\"\">Toda essa quantidade de pessoas ir\u00e1 movimentar a cidade financeiramente. Devem ser injetados R$ 20 milh\u00f5es na economia da regi\u00e3o at\u00e9 8 de mar\u00e7o, data em que a temporada termina.<\/p>\n<div id=\"chunk-7vfs2\">\n<div class=\"mc-column content-text active-extra-styles \" data-block-type=\"unstyled\" data-block-weight=\"42\" data-block-id=\"8\">\n<p class=\" content-text__container \" data-track-category=\"Link no Texto\" data-track-links=\"\">Tradicionalmente, o Porto de Paranagu\u00e1 \u00e9 conhecido pela movimenta\u00e7\u00e3o de cargas. Para receber turistas, o espa\u00e7o precisou de adapta\u00e7\u00f5es, como explicou Luiz Fernando Garcia, diretor-presidente da Portos do Paran\u00e1, que administra tanto o Porto de Paranagu\u00e1 quanto o Porto de Antonina (PR).<\/p>\n<\/div>\n<\/div>\n<div id=\"chunk-2bsal\">\n<div id=\"chunk-4844n\">\n<div class=\"mc-column content-text active-extra-styles \" data-block-type=\"unstyled\" data-block-weight=\"34\" data-block-id=\"10\">\n<p class=\" content-text__container \" data-track-category=\"Link no Texto\" data-track-links=\"\">Segundo a Portos do Paran\u00e1, a cidade tamb\u00e9m ser\u00e1 \u00e1rea de embarque e n\u00e3o apenas ponto de parada para os passageiros. Ap\u00f3s a chegada, eles ser\u00e3o levados para um complexo tur\u00edstico.<\/p>\n<div id=\"chunk-eshsa\">\n<div class=\"mc-column content-text active-extra-styles \" data-block-type=\"unstyled\" data-block-weight=\"13\" data-block-id=\"16\">\n<p class=\" content-text__container \" data-track-category=\"Link no Texto\" data-track-links=\"\">As embarca\u00e7\u00f5es que v\u00e3o passar por Paranagu\u00e1 far\u00e3o rotas pela Am\u00e9rica do Sul.<\/p>\n<\/div>\n<\/div>\n<div id=\"chunk-aa0i0\">\n<div class=\"mc-column content-text active-extra-styles \" data-block-type=\"unstyled\" data-block-weight=\"35\" data-block-id=\"17\">\n<p class=\" content-text__container \" data-track-category=\"Link no Texto\" data-track-links=\"\">Na temporada deste ano, o porto receber\u00e1 dois cruzeiros de uma das empresas que operam no Brasil. Um deles far\u00e1 15 escalas no porto. Em cada parada, cerca de 400 passageiros poder\u00e3o embarcar em Paranagu\u00e1.<\/p>\n<\/div>\n<\/div>\n<div id=\"chunk-at98s\">\n<div class=\"mc-column content-text active-extra-styles \" data-block-type=\"unstyled\" data-block-weight=\"6\" data-block-id=\"18\">\n<p class=\" content-text__container \" data-track-category=\"Link no Texto\" data-track-links=\"\">A rota do cruzeiro ser\u00e1:<\/p>\n<\/div>\n<\/div>\n<div id=\"chunk-5q285\">\n<div class=\"mc-column content-text active-extra-styles\" data-block-type=\"raw\" data-block-weight=\"13\" data-block-id=\"19\">\n<ol class=\"content-ordered-list theme-ordered-list-color-primary\">\n<li>Paranagu\u00e1 (sa\u00edda);<\/li>\n<li>Itaja\u00ed (SC);<\/li>\n<li>Punta del Este, Uruguai;<\/li>\n<li>Buenos Aires, Argentina;<\/li>\n<li>Paranagu\u00e1 (retorno).<\/li>\n<\/ol>\n<p>As paradas ser\u00e3o sempre \u00e0s sextas-feiras, de 1\u00ba de dezembro de 2023 a 08 de mar\u00e7o de 2024.<\/p>\n<\/div>\n<\/div>\n<div id=\"chunk-34qvs\">\n<div class=\"mc-column content-text active-extra-styles \" data-block-type=\"unstyled\" data-block-weight=\"25\" data-block-id=\"21\">\n<p class=\" content-text__container \" data-track-category=\"Link no Texto\" data-track-links=\"\">O outro cruzeiro da empresa far\u00e1 uma escala no porto em 23 de dezembro. Na rota dele, Paranagu\u00e1 \u00e9 cidade de passagem.\u00a0Confira o trajeto:<\/p>\n<\/div>\n<\/div>\n<div id=\"chunk-cubjs\">\n<div class=\"mc-column content-text active-extra-styles\" data-block-type=\"raw\" data-block-weight=\"13\" data-block-id=\"22\">\n<ol class=\"content-ordered-list theme-ordered-list-color-primary\">\n<li>Buenos Aires, Argentina (sa\u00edda);<\/li>\n<li>Montevideo, Uruguai;<\/li>\n<li>Paranagu\u00e1 (PR);<\/li>\n<li>Ilhabela (SP)<\/li>\n<li>Buenos Aires (retorno).<\/li>\n<\/ol>\n<p>Juntas, de acordo com a Portos do Paran\u00e1, as embarca\u00e7\u00f5es t\u00eam capacidade para quase seis mil passageiros e cerca de dois mil tripulantes.<\/p>\n<\/div>\n<\/div>\n<div id=\"chunk-9ctn4\">\n<div class=\"mc-column content-text active-extra-styles \" data-block-type=\"unstyled\" data-block-weight=\"32\" data-block-id=\"24\">\n<p class=\" content-text__container \" data-track-category=\"Link no Texto\" data-track-links=\"\">Al\u00e9m dos dois navios, o diretor-presidente da Portos do Paran\u00e1 sinalizou que existe a previs\u00e3o de atraca\u00e7\u00e3o de outras tr\u00eas companhias de cruzeiros que fazem travessias transatl\u00e2nticas, com navios de menor porte.<\/p>\n<\/div>\n<\/div>\n<div id=\"chunk-e5o5e\">\n<div class=\"mc-column content-text active-extra-styles \" data-block-type=\"unstyled\" data-block-weight=\"14\" data-block-id=\"25\">\n<p class=\" content-text__container \" data-track-category=\"Link no Texto\" data-track-links=\"\">Segundo a MSC, empresa que opera os cruzeiros, as vendas de passagens est\u00e3o aquecidas.<\/p>\n<\/div>\n<\/div>\n<div id=\"chunk-dk5nk\">\n<div class=\"mc-column content-text active-extra-styles \" data-block-type=\"unstyled\" data-block-weight=\"57\" data-block-id=\"26\">\n<p class=\" content-text__container \" data-track-category=\"Link no Texto\" data-track-links=\"\">&#8220;As vendas para essas sa\u00eddas est\u00e3o aquecidas, comprovando que a demanda por viagens em alto-mar tem crescido junto ao p\u00fablico brasileiro, que tem percebido que os cruzeiros oferecem uma viagem completa, com transporte, hospedagem, lazer, entretenimento para todas as idades, uma variedade de op\u00e7\u00f5es gastron\u00f4micas, al\u00e9m de conhecerem v\u00e1rios destinos em uma \u00fanica viagem&#8221;, disse a empresa.<\/p>\n<\/div>\n<\/div>\n<div id=\"chunk-7sbs3\">\n<div class=\"content-ads content-ads--reveal\" data-block-type=\"ads\" data-block-id=\"27\">\n<div id=\"banner_materia__18b5cbfe-8d82-42f0-b629-bb77704cc3bf\" class=\"tag-manager-publicidade-container mc-has-reveal mc-has-ad-lazyload tag-manager-publicidade-banner_materia__18b5cbfe-8d82-42f0-b629-bb77704cc3bf tag-manager-publicidade-container--carregado tag-manager-publicidade-container--visivel\" data-id=\"banner_materia__18b5cbfe-8d82-42f0-b629-bb77704cc3bf\" data-google-query-id=\"CPzC24WT7oIDFS1Q3QIdnbYH1w\">\n<div id=\"chunk-734jn\">\n<div class=\"mc-column content-text active-extra-styles \" data-block-type=\"unstyled\" data-block-weight=\"30\" data-block-id=\"29\">\n<p class=\" content-text__container \" data-track-category=\"Link no Texto\" data-track-links=\"\">No litoral paranaense, o embarque e desembarque ocorrer\u00e1 por meio de um \u00f4nibus que cruzar\u00e1 a \u00e1rea portu\u00e1ria, pegar\u00e1 os turistas e os levar\u00e1 at\u00e9 o complexo tur\u00edstico Mega Rocio.<\/p>\n<\/div>\n<\/div>\n<div id=\"chunk-e6i7e\">\n<div class=\"mc-column content-text active-extra-styles \" data-block-type=\"unstyled\" data-block-weight=\"29\" data-block-id=\"30\">\n<p class=\" content-text__container \" data-track-category=\"Link no Texto\" data-track-links=\"\">No local, os passageiros poder\u00e3o escolher, por exemplo, pacotes de visita\u00e7\u00e3o no litoral e arredores. O modelo \u00e9 similar ao aplicado nas cidades de Balne\u00e1rio Cambori\u00fa, Ilhabela e Itaja\u00ed.<\/p>\n<p data-track-category=\"Link no Texto\" data-track-links=\"\">Fonte: G1<\/p>\n<\/div>\n<\/div>\n<\/div>\n<\/div>\n<\/div>\n<\/div>\n<\/div>\n<\/div>\n<\/div>\n<\/div>\n<\/div>\n","protected":false},"excerpt":{"rendered":"<p>A partir desta sexta-feira (1\u00ba),\u00a0Paranagu\u00e1, no litoral do Paran\u00e1, passar\u00e1 a ter oficialmente a movimenta\u00e7\u00e3o comercial de cruzeiros, inaugurando a entrada da cidade na rota&#8230;<\/p>\n","protected":false},"author":1527,"featured_media":48701,"comment_status":"closed","ping_status":"closed","sticky":false,"template":"","format":"standard","meta":{"footnotes":""},"categories":[6],"tags":[],"class_list":["post-48700","post","type-post","status-publish","format-standard","has-post-thumbnail","hentry","category-noticias"],"_links":{"self":[{"href":"https:\/\/www.sincomam.org.br\/index.php\/wp-json\/wp\/v2\/posts\/48700","targetHints":{"allow":["GET"]}}],"collection":[{"href":"https:\/\/www.sincomam.org.br\/index.php\/wp-json\/wp\/v2\/posts"}],"about":[{"href":"https:\/\/www.sincomam.org.br\/index.php\/wp-json\/wp\/v2\/types\/post"}],"author":[{"embeddable":true,"href":"https:\/\/www.sincomam.org.br\/index.php\/wp-json\/wp\/v2\/users\/1527"}],"replies":[{"embeddable":true,"href":"https:\/\/www.sincomam.org.br\/index.php\/wp-json\/wp\/v2\/comments?post=48700"}],"version-history":[{"count":1,"href":"https:\/\/www.sincomam.org.br\/index.php\/wp-json\/wp\/v2\/posts\/48700\/revisions"}],"predecessor-version":[{"id":48702,"href":"https:\/\/www.sincomam.org.br\/index.php\/wp-json\/wp\/v2\/posts\/48700\/revisions\/48702"}],"wp:featuredmedia":[{"embeddable":true,"href":"https:\/\/www.sincomam.org.br\/index.php\/wp-json\/wp\/v2\/media\/48701"}],"wp:attachment":[{"href":"https:\/\/www.sincomam.org.br\/index.php\/wp-json\/wp\/v2\/media?parent=48700"}],"wp:term":[{"taxonomy":"category","embeddable":true,"href":"https:\/\/www.sincomam.org.br\/index.php\/wp-json\/wp\/v2\/categories?post=48700"},{"taxonomy":"post_tag","embeddable":true,"href":"https:\/\/www.sincomam.org.br\/index.php\/wp-json\/wp\/v2\/tags?post=48700"}],"curies":[{"name":"wp","href":"https:\/\/api.w.org\/{rel}","templated":true}]}}