{"id":48697,"date":"2023-12-01T08:36:20","date_gmt":"2023-12-01T11:36:20","guid":{"rendered":"http:\/\/www.sincomam.org.br\/?p=48697"},"modified":"2023-12-01T08:36:20","modified_gmt":"2023-12-01T11:36:20","slug":"israel-retoma-combates-na-faixa-de-gaza-apos-hamas-violar-tregua","status":"publish","type":"post","link":"https:\/\/www.sincomam.org.br\/index.php\/israel-retoma-combates-na-faixa-de-gaza-apos-hamas-violar-tregua\/","title":{"rendered":"Israel retoma combates na Faixa de Gaza ap\u00f3s Hamas violar tr\u00e9gua"},"content":{"rendered":"<p>Israel\u00a0anunciou o retorno ao combate contra o grupo terrorista Hamas ap\u00f3s eles violarem o acordo de tr\u00e9gua, nesta sexta-feira (1\u00ba). Durante a madrugada, um foguete lan\u00e7ado da\u00a0Faixa de Gaza\u00a0foi interceptado pelas For\u00e7as de Defesa de Israel.<\/p>\n<div id=\"chunk-8av69\">\n<div class=\"mc-column content-text active-extra-styles \" data-block-type=\"unstyled\" data-block-weight=\"31\" data-block-id=\"5\">\n<p class=\" content-text__container \" data-track-category=\"Link no Texto\" data-track-links=\"\">O lan\u00e7amento do foguete contra Israel aconteceu pouco antes do fim do acordo de pausa no conflito, que estava programado para as 7h desta sexta-feira, no hor\u00e1rio local (2h, em Bras\u00edlia).<\/p>\n<\/div>\n<\/div>\n<div id=\"chunk-7gobf\">\n<div class=\"mc-column content-text active-extra-styles \" data-block-type=\"unstyled\" data-block-weight=\"26\" data-block-id=\"6\">\n<p class=\" content-text__container \" data-track-category=\"Link no Texto\" data-track-links=\"\">Na manh\u00e3 desta quinta o Hamas tamb\u00e9m comandou um atentado terrorista contra um ponto de \u00f4nibus na capital israelense.\u00a03 pessoas morreram e 6 ficaram feridas.<\/p>\n<div id=\"chunk-fck8o\">\n<div class=\"mc-column content-text active-extra-styles \" data-block-type=\"unstyled\" data-block-weight=\"13\" data-block-id=\"8\">\n<p class=\" content-text__container \" data-track-category=\"Link no Texto\" data-track-links=\"\">Al\u00e9m disso, sirenes foram soadas em comunidades israelenses que ficam pr\u00f3ximas a Gaza.<\/p>\n<\/div>\n<\/div>\n<div id=\"chunk-71n2n\">\n<div class=\"row medium-uncollapsed content-media content-photo\" data-block-type=\"backstage-photo\" data-block-id=\"9\">\n<div class=\" mc-column  content-media__container\">\n<div class=\"content-media-container glb-skeleton-box\">\n<div id=\"chunk-echep\">\n<div class=\"mc-column content-text active-extra-styles \" data-block-type=\"unstyled\" data-block-weight=\"37\" data-block-id=\"11\">\n<p class=\" content-text__container \" data-track-category=\"Link no Texto\" data-track-links=\"\">A imprensa palestina reportou barulhos de explos\u00f5es e tiros no norte da Faixa de Gaza poucos minutos antes do fim da tr\u00e9gua. Em seguida, Israel anunciou estar conduzindo ataques a\u00e9reos contra alvos do Hamas no territ\u00f3rio palestino.<\/p>\n<\/div>\n<\/div>\n<div id=\"chunk-fcraa\">\n<div class=\"mc-column content-text active-extra-styles \" data-block-type=\"unstyled\" data-block-weight=\"15\" data-block-id=\"12\">\n<p class=\" content-text__container \" data-track-category=\"Link no Texto\" data-track-links=\"\">32 palestinos morreram desde a retomada dos confrontos, segundo o Minist\u00e9rio da Sa\u00fade de Gaza.<\/p>\n<div id=\"chunk-8f9st\">\n<div class=\"mc-column content-text active-extra-styles \" data-block-type=\"unstyled\" data-block-weight=\"29\" data-block-id=\"16\">\n<p class=\" content-text__container \" data-track-category=\"Link no Texto\" data-track-links=\"\">O gabinete do primeiro-ministro Benjamin Netanyahu afirmou que, al\u00e9m do ataque contra Israel, o Hamas n\u00e3o libertou todas as mulheres ref\u00e9ns que deveriam ter sido soltas pelo \u00faltimo acordo.<\/p>\n<\/div>\n<\/div>\n<div id=\"chunk-c1sql\">\n<div id=\"chunk-bh2de\">\n<div class=\"mc-column content-text active-extra-styles \" data-block-type=\"unstyled\" data-block-weight=\"31\" data-block-id=\"18\">\n<p class=\" content-text__container \" data-track-category=\"Link no Texto\" data-track-links=\"\">O cessar-fogo tempor\u00e1rio entre Israel e o Hamas durou sete dias e foi marcado pela troca de ref\u00e9ns que estavam sob o poder do Hamas por prisioneiros palestinos mantidos por Israel.<\/p>\n<\/div>\n<\/div>\n<div id=\"chunk-6p8mf\">\n<div class=\"tag-manager-publicidade-container mc-has-reveal mc-has-ad-lazyload tag-manager-publicidade-banner_materia__ab9e18d8-5cb3-4a24-a044-8782a8c4ce4e tag-manager-publicidade-container--carregado tag-manager-publicidade-container--visivel\" data-id=\"banner_materia__ab9e18d8-5cb3-4a24-a044-8782a8c4ce4e\" data-google-query-id=\"CO3Pz8qS7oIDFT9O3QIdTAEE1w\">\n<div id=\"chunk-1urt6\">\n<div class=\"mc-column content-text active-extra-styles \" data-block-type=\"unstyled\" data-block-weight=\"33\" data-block-id=\"20\">\n<p class=\" content-text__container \" data-track-category=\"Link no Texto\" data-track-links=\"\">Mais de 100 ref\u00e9ns foram libertados durante a tr\u00e9gua. 240 palestinos tamb\u00e9m foram soltos, na maioria, adolescentes presos por atirar pedras contra militares israelenses, de acordo com a ag\u00eancia de not\u00edcias Associated Press.<\/p>\n<\/div>\n<\/div>\n<div id=\"chunk-92m1r\">\n<div class=\"mc-column content-text active-extra-styles \" data-block-type=\"unstyled\" data-block-weight=\"18\" data-block-id=\"21\">\n<p class=\" content-text__container \" data-track-category=\"Link no Texto\" data-track-links=\"\">Al\u00e9m disso, durante a pausa, a Faixa de Gaza recebeu caminh\u00f5es com ajuda humanit\u00e1ria destinada aos civis palestinos.<\/p>\n<\/div>\n<\/div>\n<div id=\"chunk-a8jlp\">\n<div class=\"mc-column content-text active-extra-styles \" data-block-type=\"unstyled\" data-block-weight=\"42\" data-block-id=\"22\">\n<p class=\" content-text__container \" data-track-category=\"Link no Texto\" data-track-links=\"\">A tr\u00e9gua come\u00e7ou no dia 24 de novembro e teve o prazo prorrogado por duas vezes. A \u00faltima extens\u00e3o no acordo aconteceu na quinta-feira (30), quando o Hamas se comprometeu a libertar mais ref\u00e9ns, enquanto Israel anunciou que soltaria mais presos palestinos.<\/p>\n<\/div>\n<\/div>\n<div id=\"chunk-61gp3\">\n<div class=\"mc-column content-text active-extra-styles \" data-block-type=\"unstyled\" data-block-weight=\"42\" data-block-id=\"23\">\n<p class=\" content-text__container \" data-track-category=\"Link no Texto\" data-track-links=\"\">O jornal &#8220;The Wall Street Journal&#8221; chegou a publicar uma reportagem afirmando que um novo acordo havia sido fechado para estender a pausa por mais um dia, citando autoridades do Egito. No entanto, Israel e Hamas n\u00e3o anunciaram nenhuma nova prorroga\u00e7\u00e3o.<\/p>\n<p data-track-category=\"Link no Texto\" data-track-links=\"\">Fonte: G1<\/p>\n<\/div>\n<\/div>\n<\/div>\n<\/div>\n<\/div>\n<\/div>\n<\/div>\n<\/div>\n<\/div>\n<\/div>\n<\/div>\n<\/div>\n<\/div>\n","protected":false},"excerpt":{"rendered":"<p>Israel\u00a0anunciou o retorno ao combate contra o grupo terrorista Hamas ap\u00f3s eles violarem o acordo de tr\u00e9gua, nesta sexta-feira (1\u00ba). Durante a madrugada, um foguete&#8230;<\/p>\n","protected":false},"author":1527,"featured_media":48698,"comment_status":"closed","ping_status":"closed","sticky":false,"template":"","format":"standard","meta":{"footnotes":""},"categories":[6],"tags":[],"class_list":["post-48697","post","type-post","status-publish","format-standard","has-post-thumbnail","hentry","category-noticias"],"_links":{"self":[{"href":"https:\/\/www.sincomam.org.br\/index.php\/wp-json\/wp\/v2\/posts\/48697","targetHints":{"allow":["GET"]}}],"collection":[{"href":"https:\/\/www.sincomam.org.br\/index.php\/wp-json\/wp\/v2\/posts"}],"about":[{"href":"https:\/\/www.sincomam.org.br\/index.php\/wp-json\/wp\/v2\/types\/post"}],"author":[{"embeddable":true,"href":"https:\/\/www.sincomam.org.br\/index.php\/wp-json\/wp\/v2\/users\/1527"}],"replies":[{"embeddable":true,"href":"https:\/\/www.sincomam.org.br\/index.php\/wp-json\/wp\/v2\/comments?post=48697"}],"version-history":[{"count":1,"href":"https:\/\/www.sincomam.org.br\/index.php\/wp-json\/wp\/v2\/posts\/48697\/revisions"}],"predecessor-version":[{"id":48699,"href":"https:\/\/www.sincomam.org.br\/index.php\/wp-json\/wp\/v2\/posts\/48697\/revisions\/48699"}],"wp:featuredmedia":[{"embeddable":true,"href":"https:\/\/www.sincomam.org.br\/index.php\/wp-json\/wp\/v2\/media\/48698"}],"wp:attachment":[{"href":"https:\/\/www.sincomam.org.br\/index.php\/wp-json\/wp\/v2\/media?parent=48697"}],"wp:term":[{"taxonomy":"category","embeddable":true,"href":"https:\/\/www.sincomam.org.br\/index.php\/wp-json\/wp\/v2\/categories?post=48697"},{"taxonomy":"post_tag","embeddable":true,"href":"https:\/\/www.sincomam.org.br\/index.php\/wp-json\/wp\/v2\/tags?post=48697"}],"curies":[{"name":"wp","href":"https:\/\/api.w.org\/{rel}","templated":true}]}}