{"id":48694,"date":"2023-12-01T08:34:33","date_gmt":"2023-12-01T11:34:33","guid":{"rendered":"http:\/\/www.sincomam.org.br\/?p=48694"},"modified":"2023-12-01T08:34:33","modified_gmt":"2023-12-01T11:34:33","slug":"consumo-do-brasileiro-cresceu-424-em-outubro-aponta-abras","status":"publish","type":"post","link":"https:\/\/www.sincomam.org.br\/index.php\/consumo-do-brasileiro-cresceu-424-em-outubro-aponta-abras\/","title":{"rendered":"Consumo do brasileiro cresceu 4,24% em outubro, aponta Abras"},"content":{"rendered":"<p>O consumo nos lares brasileiros, medido pela Associa\u00e7\u00e3o Brasileira de Supermercados (Abras), registrou alta de 2,89% em outubro, na compara\u00e7\u00e3o com o m\u00eas anterior. Na compara\u00e7\u00e3o com outubro do ano passado, a alta \u00e9 de 0,61%. No acumulado do ano, a alta \u00e9 de 2,64%. O resultado contempla os formatos de loja atacarejo, supermercado convencional, loja de vizinhan\u00e7a, hipermercado, minimercado e\u00a0<em>e-commerc<\/em>e. Todos os indicadores s\u00e3o deflacionados pelo \u00cdndice Nacional de Pre\u00e7os ao Consumidor Amplo (IPCA), medido pelo Instituto Brasileiro de Geografia e Estat\u00edstica (IBGE).<img decoding=\"async\" src=\"https:\/\/agenciabrasil.ebc.com.br\/ebc.png?id=1569786&amp;o=node\" \/><img decoding=\"async\" src=\"https:\/\/agenciabrasil.ebc.com.br\/ebc.gif?id=1569786&amp;o=node\" \/><\/p>\n<p>Segundo o vice-presidente da Abras, Marcio Milan, a alta pode ser atribu\u00edda \u00e0 inaugura\u00e7\u00e3o de novas lojas e promo\u00e7\u00f5es. \u201cAs atividades promocionais tradicionalmente se intensificam no segundo semestre, combinados com renda mais est\u00e1vel e a menor varia\u00e7\u00e3o nos pre\u00e7os da cesta de abastecimento dos lares\u201d, analisou Milan. De janeiro a novembro, entraram em opera\u00e7\u00e3o 573 lojas, das quais 306 s\u00e3o novas e 267 reinauguradas. Os principais formatos de lojas s\u00e3o os supermercados (185) e os atacarejos (121).<\/p>\n<p>Segundo a Abras, apesar da alta registrada no m\u00eas, as quedas nos pre\u00e7os foram expressivas de janeiro a outubro (-6,43%) e nos \u00faltimos 12 meses (-5,08%), influenciadas principalmente pelos pre\u00e7os do \u00f3leo de soja (-30,94%), do feij\u00e3o (-23,12%), dos cortes bovinos do dianteiro (-12,61%) e do traseiro (-12,44%), do frango congelado (-9,55%), do leite longa vida (-6,10%). Os pre\u00e7os dessa cesta ca\u00edram de R$ 754,98 em janeiro para R$ 705,93 em outubro, varia\u00e7\u00e3o de -6,43% equivalente a cerca de R$ 50.<\/p>\n<p>De acordo com os dados da Abras, o valor da cesta de 35 produtos de largo consumo (alimentos, bebidas, carnes, produtos de limpeza, itens de higiene e beleza) teve alta de 0,10% em outubro na compara\u00e7\u00e3o com setembro.<\/p>\n<p>Segundo o levantamento, as principais altas do m\u00eas foram batata (11,23%), cebola (8,46%), arroz (2,99%), carne bovina \u2013 corte traseiro (1,94%), a\u00e7\u00facar refinado (1,88%), tomate (0,97%), extrato de tomate (0,83%), pernil (0,57%).<\/p>\n<p>A maior retra\u00e7\u00e3o em outubro foi registrada na cesta de l\u00e1cteos com leite longa vida (-5,48%), queijos mu\u00e7arela e prato (-1,14%), leite em p\u00f3\u00a0(-0,87%), margarina cremosa (-0,60%).<\/p>\n<p>Na cesta de produtos b\u00e1sicos, as principais quedas vieram do feij\u00e3o (-4,67%), do \u00f3leo de soja (-1,77%), do caf\u00e9 torrado e mo\u00eddo (-1,23%), da farinha de mandioca (-0,65%), da farinha de trigo (-0,56%).<\/p>\n<p>Entre as prote\u00ednas que mantiveram a tend\u00eancia de queda nos pre\u00e7os est\u00e3o ovos (-2,85%), carne bovina &#8211; corte do dianteiro (-0,30%). As altas foram registradas na carne bovina &#8211; corte do traseiro (1,94%), pernil (0,57%), frango congelado (0,54%).<\/p>\n<p>Na cesta de higiene e beleza, as principais quedas foram registradas no sabonete (-0,78%), xampu (-0,08%) e as altas no papel higi\u00eanico (+0,99%) e no creme dental (+0,22%). Em limpeza, houve recuo em sab\u00e3o em p\u00f3 (-1,03%), detergente l\u00edquido para lou\u00e7as (-0,42%), \u00e1gua sanit\u00e1ria (-0,04%).<\/p>\n<p>Fonte: Ag\u00eancia Brasil<\/p>\n","protected":false},"excerpt":{"rendered":"<p>O consumo nos lares brasileiros, medido pela Associa\u00e7\u00e3o Brasileira de Supermercados (Abras), registrou alta de 2,89% em outubro, na compara\u00e7\u00e3o com o m\u00eas anterior. Na&#8230;<\/p>\n","protected":false},"author":1527,"featured_media":48695,"comment_status":"closed","ping_status":"closed","sticky":false,"template":"","format":"standard","meta":{"footnotes":""},"categories":[6],"tags":[],"class_list":["post-48694","post","type-post","status-publish","format-standard","has-post-thumbnail","hentry","category-noticias"],"_links":{"self":[{"href":"https:\/\/www.sincomam.org.br\/index.php\/wp-json\/wp\/v2\/posts\/48694","targetHints":{"allow":["GET"]}}],"collection":[{"href":"https:\/\/www.sincomam.org.br\/index.php\/wp-json\/wp\/v2\/posts"}],"about":[{"href":"https:\/\/www.sincomam.org.br\/index.php\/wp-json\/wp\/v2\/types\/post"}],"author":[{"embeddable":true,"href":"https:\/\/www.sincomam.org.br\/index.php\/wp-json\/wp\/v2\/users\/1527"}],"replies":[{"embeddable":true,"href":"https:\/\/www.sincomam.org.br\/index.php\/wp-json\/wp\/v2\/comments?post=48694"}],"version-history":[{"count":1,"href":"https:\/\/www.sincomam.org.br\/index.php\/wp-json\/wp\/v2\/posts\/48694\/revisions"}],"predecessor-version":[{"id":48696,"href":"https:\/\/www.sincomam.org.br\/index.php\/wp-json\/wp\/v2\/posts\/48694\/revisions\/48696"}],"wp:featuredmedia":[{"embeddable":true,"href":"https:\/\/www.sincomam.org.br\/index.php\/wp-json\/wp\/v2\/media\/48695"}],"wp:attachment":[{"href":"https:\/\/www.sincomam.org.br\/index.php\/wp-json\/wp\/v2\/media?parent=48694"}],"wp:term":[{"taxonomy":"category","embeddable":true,"href":"https:\/\/www.sincomam.org.br\/index.php\/wp-json\/wp\/v2\/categories?post=48694"},{"taxonomy":"post_tag","embeddable":true,"href":"https:\/\/www.sincomam.org.br\/index.php\/wp-json\/wp\/v2\/tags?post=48694"}],"curies":[{"name":"wp","href":"https:\/\/api.w.org\/{rel}","templated":true}]}}