{"id":48690,"date":"2023-12-01T08:28:58","date_gmt":"2023-12-01T11:28:58","guid":{"rendered":"http:\/\/www.sincomam.org.br\/?p=48690"},"modified":"2023-12-01T08:28:58","modified_gmt":"2023-12-01T11:28:58","slug":"a-soberania-brasileira-em-profundezas-oceanicas","status":"publish","type":"post","link":"https:\/\/www.sincomam.org.br\/index.php\/a-soberania-brasileira-em-profundezas-oceanicas\/","title":{"rendered":"A Soberania Brasileira em Profundezas Oce\u00e2nicas"},"content":{"rendered":"<p>A soberania mar\u00edtima brasileira e a ci\u00eancia oce\u00e2nica deram um grande passo adiante com a recente conclus\u00e3o da Comiss\u00e3o \u201cComit\u00ea Gestor III\u201d pelo Navio de Pesquisa Hidroceanogr\u00e1fica (NPqHo) \u201cVital de Oliveira\u201d. Esta miss\u00e3o, ao longo da Cadeia Vit\u00f3ria-Trindade (CVT), representa um marco importante no estudo dos processos f\u00edsicos, geoqu\u00edmicos e biol\u00f3gicos nos montes submarinos vulc\u00e2nicos entre Vit\u00f3ria (ES) e a Ilha de Trindade, vital para a compreens\u00e3o da diversidade biol\u00f3gica e a manuten\u00e7\u00e3o da soberania brasileira na chamada Amaz\u00f4nia Azul.<\/p>\n<p><a href=\"https:\/\/www.sincomam.org.br\/wp-content\/uploads\/2023\/12\/foto1_navio_hidro_0.png\"><img fetchpriority=\"high\" decoding=\"async\" class=\"alignleft size-medium wp-image-48692\" src=\"https:\/\/www.sincomam.org.br\/wp-content\/uploads\/2023\/12\/foto1_navio_hidro_0-300x179.png\" alt=\"\" width=\"300\" height=\"179\" srcset=\"https:\/\/www.sincomam.org.br\/wp-content\/uploads\/2023\/12\/foto1_navio_hidro_0-300x179.png 300w, https:\/\/www.sincomam.org.br\/wp-content\/uploads\/2023\/12\/foto1_navio_hidro_0-1024x613.png 1024w, https:\/\/www.sincomam.org.br\/wp-content\/uploads\/2023\/12\/foto1_navio_hidro_0-768x459.png 768w, https:\/\/www.sincomam.org.br\/wp-content\/uploads\/2023\/12\/foto1_navio_hidro_0.png 1170w\" sizes=\"(max-width: 300px) 100vw, 300px\" \/><\/a><\/p>\n<p><strong>A Import\u00e2ncia Estrat\u00e9gica da Zona Econ\u00f4mica Exclusiva<\/strong><\/p>\n<p>Desde a introdu\u00e7\u00e3o do conceito de Zona Econ\u00f4mica Exclusiva (ZEE) pela Conven\u00e7\u00e3o das Na\u00e7\u00f5es Unidas sobre o Direito do Mar (CNUDM) em 1994, o Brasil tem enfatizado a import\u00e2ncia da pesquisa e soberania em suas \u00e1guas. Com 5,7 milh\u00f5es de km\u00b2 de ZEE, o Brasil assegura n\u00e3o apenas o direito de explorar recursos naturais, mas tamb\u00e9m de conduzir pesquisas cient\u00edficas e preservar o meio marinho. A Comiss\u00e3o \u201cComit\u00ea Gestor III\u201d \u00e9 um exemplo pr\u00e1tico dessa soberania em a\u00e7\u00e3o, promovendo o conhecimento e a conserva\u00e7\u00e3o da biodiversidade marinha.<\/p>\n<div class=\"td-a-rec td-a-rec-id-content_inline tdi_2 td_block_template_11\">\n<p><strong>Descobertas e Significado da Miss\u00e3o<\/strong><\/p>\n<\/div>\n<p>O NPqHo \u201cVital de Oliveira\u201d desempenhou um papel crucial, coletando amostras de \u00e1gua e microrganismos. Essas coletas possibilitar\u00e3o a produ\u00e7\u00e3o de artigos cient\u00edficos relevantes, contribuindo significativamente para o conhecimento cient\u00edfico do Brasil. O Capit\u00e3o de Fragata Edno Vieira da Rosa Neto destacou a singularidade da biodiversidade encontrada na regi\u00e3o, diferente daquela da costa continental devido \u00e0 presen\u00e7a da cordilheira submarina. Estes montes submarinos s\u00e3o fundamentais para a compreens\u00e3o das cadeias alimentares complexas e das intera\u00e7\u00f5es biol\u00f3gicas entre o ambiente costeiro e o oce\u00e2nico.<\/p>\n<p><strong>Colabora\u00e7\u00e3o Multidisciplinar e Futuras Miss\u00f5es<\/strong><\/p>\n<p>A colabora\u00e7\u00e3o entre a Marinha do Brasil, o Minist\u00e9rio da Ci\u00eancia, Tecnologia e Inova\u00e7\u00e3o (MCTI), universidades e outras institui\u00e7\u00f5es ressalta a import\u00e2ncia da tr\u00edplice h\u00e9lice (for\u00e7as armadas, ind\u00fastria e academia) para o avan\u00e7o da pesquisa cient\u00edfica no Brasil. Equipado com tecnologia de ponta e laborat\u00f3rios avan\u00e7ados, o NPqHo \u201cVital de Oliveira\u201d representa uma das plataformas m\u00f3veis de pesquisa mais modernas do mundo. A pr\u00f3xima miss\u00e3o, prevista para dezembro, enfatizar\u00e1 a pesquisa na eleva\u00e7\u00e3o do Rio Grande, refor\u00e7ando a presen\u00e7a e soberania brasileira na Amaz\u00f4nia Azul.<\/p>\n<p>Fonte: Defesa em Foco<\/p>\n","protected":false},"excerpt":{"rendered":"<p>A soberania mar\u00edtima brasileira e a ci\u00eancia oce\u00e2nica deram um grande passo adiante com a recente conclus\u00e3o da Comiss\u00e3o \u201cComit\u00ea Gestor III\u201d pelo Navio de&#8230;<\/p>\n","protected":false},"author":1527,"featured_media":48691,"comment_status":"closed","ping_status":"closed","sticky":false,"template":"","format":"standard","meta":{"footnotes":""},"categories":[6],"tags":[],"class_list":["post-48690","post","type-post","status-publish","format-standard","has-post-thumbnail","hentry","category-noticias"],"_links":{"self":[{"href":"https:\/\/www.sincomam.org.br\/index.php\/wp-json\/wp\/v2\/posts\/48690","targetHints":{"allow":["GET"]}}],"collection":[{"href":"https:\/\/www.sincomam.org.br\/index.php\/wp-json\/wp\/v2\/posts"}],"about":[{"href":"https:\/\/www.sincomam.org.br\/index.php\/wp-json\/wp\/v2\/types\/post"}],"author":[{"embeddable":true,"href":"https:\/\/www.sincomam.org.br\/index.php\/wp-json\/wp\/v2\/users\/1527"}],"replies":[{"embeddable":true,"href":"https:\/\/www.sincomam.org.br\/index.php\/wp-json\/wp\/v2\/comments?post=48690"}],"version-history":[{"count":1,"href":"https:\/\/www.sincomam.org.br\/index.php\/wp-json\/wp\/v2\/posts\/48690\/revisions"}],"predecessor-version":[{"id":48693,"href":"https:\/\/www.sincomam.org.br\/index.php\/wp-json\/wp\/v2\/posts\/48690\/revisions\/48693"}],"wp:featuredmedia":[{"embeddable":true,"href":"https:\/\/www.sincomam.org.br\/index.php\/wp-json\/wp\/v2\/media\/48691"}],"wp:attachment":[{"href":"https:\/\/www.sincomam.org.br\/index.php\/wp-json\/wp\/v2\/media?parent=48690"}],"wp:term":[{"taxonomy":"category","embeddable":true,"href":"https:\/\/www.sincomam.org.br\/index.php\/wp-json\/wp\/v2\/categories?post=48690"},{"taxonomy":"post_tag","embeddable":true,"href":"https:\/\/www.sincomam.org.br\/index.php\/wp-json\/wp\/v2\/tags?post=48690"}],"curies":[{"name":"wp","href":"https:\/\/api.w.org\/{rel}","templated":true}]}}