{"id":48678,"date":"2023-11-30T08:41:34","date_gmt":"2023-11-30T11:41:34","guid":{"rendered":"http:\/\/www.sincomam.org.br\/?p=48678"},"modified":"2023-11-30T08:41:34","modified_gmt":"2023-11-30T11:41:34","slug":"aquecimento-globo-vai-provocar-alagamento-da-cidade-do-rio-e-santos","status":"publish","type":"post","link":"https:\/\/www.sincomam.org.br\/index.php\/aquecimento-globo-vai-provocar-alagamento-da-cidade-do-rio-e-santos\/","title":{"rendered":"Aquecimento Globo vai provocar alagamento da cidade do Rio e Santos"},"content":{"rendered":"<p>Um estudo da\u00a0<a href=\"https:\/\/horizons.hdr.undp.org\/\" target=\"_blank\" rel=\"noopener\">plataforma Human Climate Horizons<\/a>\u00a0(HCH) divulgado\u00a0nesta semana indica que o n\u00edvel do mar poder\u00e1 subir entre 20.09 cm e 24.27 cm junto \u00e0 costa brasileira, at\u00e9 2059, se\u00a0n\u00e3o forem reduzidas\u00a0as emiss\u00f5es globais de gases de efeito estufa (GEE).<img decoding=\"async\" src=\"https:\/\/agenciabrasil.ebc.com.br\/ebc.png?id=1569619&amp;o=node\" \/><img decoding=\"async\" src=\"https:\/\/agenciabrasil.ebc.com.br\/ebc.gif?id=1569619&amp;o=node\" \/><\/p>\n<p>Desenvolvido\u00a0conjuntamente pelo\u00a0<a href=\"https:\/\/www.undp.org\/\" target=\"_blank\" rel=\"noopener\">Programa das Na\u00e7\u00f5es Unidas para o Desenvolvimento<\/a>\u00a0(Pnud) e pelo\u00a0<a href=\"https:\/\/impactlab.org\/\" target=\"_blank\" rel=\"noopener\">Laborat\u00f3rio de Impacto Clim\u00e1tico<\/a>\u00a0(CIL),\u00a0o aplicativo re\u00fane uma s\u00e9rie de informa\u00e7\u00f5es que permitem perceber\u00a0os poss\u00edveis impactos das altera\u00e7\u00f5es clim\u00e1ticas em mais de 24 mil regi\u00f5es do mundo.<\/p>\n<p>Ao se debru\u00e7ar sobre as potenciais consequ\u00eancias das altera\u00e7\u00f5es clim\u00e1ticas para as terras costeiras, o levantamento revela\u00a0que, caso a temperatura m\u00e9dia global continue aumentando no ritmo atual, as inunda\u00e7\u00f5es se tornar\u00e3o cada vez mais frequentes, atingindo uma \u00e1rea cada vez maior, onde vivem hoje cerca de 14 milh\u00f5es de pessoas.<\/p>\n<p>Os respons\u00e1veis pelo estudo citam, como exemplo, a cidade de Santos, no litoral paulista. Ao fazer a avalia\u00e7\u00e3o de tr\u00eas poss\u00edveis cen\u00e1rios (baixa emiss\u00e3o de gases de efeito estufa; emiss\u00e3o intermedi\u00e1ria e emiss\u00e3o muito alta), a plataforma projeta que o n\u00edvel do mar, na regi\u00e3o do maior porto da Am\u00e9rica Latina, subir\u00e1, respectivamente, 22.84 cm,\u00a024.64 cm e 27.74 cm at\u00e9 2059.<\/p>\n<h2>Risco de inunda\u00e7\u00f5es<\/h2>\n<p>\u201cCentenas de cidades altamente povoadas enfrentar\u00e3o um risco acrescido de inunda\u00e7\u00f5es at\u00e9 meados do s\u00e9culo. Isto inclui terras que abrigam cerca de 5% da popula\u00e7\u00e3o de cidades costeiras como Santos, no Brasil; Cotonou, no Benin, e Calcut\u00e1, na \u00cdndia\u201d, informa o estudo, ao destacar que \u201cmuitas regi\u00f5es baixas ao longo das costas da Am\u00e9rica Latina, \u00c1frica e Sudeste Asi\u00e1tico podem enfrentar uma grave amea\u00e7a de inunda\u00e7\u00e3o permanente, parte de uma tend\u00eancia alarmante com potencial para desencadear uma revers\u00e3o no desenvolvimento humano nas comunidades costeiras em todo o mundo\u201d.<\/p>\n<p>Outro munic\u00edpio brasileiro, citado entre os que correm o risco de ver submergir at\u00e9 5% de seu territ\u00f3rio, \u00e9 a cidade do Rio de Janeiro, que, nos mesmos tr\u00eas cen\u00e1rios, enfrentaria uma eleva\u00e7\u00e3o do n\u00edvel do mar da ordem de 19,13cm (baixas emiss\u00f5es de GEE); 20,93cm (emiss\u00f5es intermedi\u00e1rias) e 23,84cm (emiss\u00f5es muito altas).<\/p>\n<p>A Human Climate Horizons lembra que as emiss\u00f5es de gases de efeito estufa decorrentes da atividade humana contribuem para elevar a temperatura m\u00e9dia do planeta. E que o aquecimento global, por sua vez, acelera o derretimento de camadas de gelo e glaciares, resultando em um maior volume d\u00b4\u00e1gua e, consequentemente, no aumento da superf\u00edcie dos oceanos. O que fez com que a extens\u00e3o das inunda\u00e7\u00f5es costeiras tenham aumentado nos \u00faltimos 20 anos.<\/p>\n<p>A Human Climate Horizons divulgou os novos dados \u201chiperlocais\u201d dias antes do in\u00edcio da\u00a028\u00aa Confer\u00eancia das Na\u00e7\u00f5es Unidas sobre Mudan\u00e7a do Clima (COP 28), evento que ocorrer\u00e1 em Dubai, nos Emirados \u00c1rabes, de 30 de novembro a 12 de dezembro.<\/p>\n<p>Durante a COP28, representantes de governos, empresas e da sociedade civil devem fazer um\u00a0balan\u00e7o\u00a0da implementa\u00e7\u00e3o do Acordo de Paris, estabelecido na COP21, em 2015, quando cada pa\u00eds signat\u00e1rio estabeleceu metas pr\u00f3prias de redu\u00e7\u00e3o de emiss\u00e3o de gases de efeito estufa, denominada Contribui\u00e7\u00e3o Nacionalmente Determinada (NDC, na sigla em ingl\u00eas).<\/p>\n<p>A NDC brasileira, atualizada em 2023, estabelece que o Brasil deve reduzir as pr\u00f3prias emiss\u00f5es em 48% at\u00e9 2025 e 53% at\u00e9 2030, em rela\u00e7\u00e3o \u00e0s emiss\u00f5es de 2005.<\/p>\n","protected":false},"excerpt":{"rendered":"<p>Um estudo da\u00a0plataforma Human Climate Horizons\u00a0(HCH) divulgado\u00a0nesta semana indica que o n\u00edvel do mar poder\u00e1 subir entre 20.09 cm e 24.27 cm junto \u00e0 costa&#8230;<\/p>\n","protected":false},"author":1527,"featured_media":48679,"comment_status":"closed","ping_status":"closed","sticky":false,"template":"","format":"standard","meta":{"footnotes":""},"categories":[6],"tags":[],"class_list":["post-48678","post","type-post","status-publish","format-standard","has-post-thumbnail","hentry","category-noticias"],"_links":{"self":[{"href":"https:\/\/www.sincomam.org.br\/index.php\/wp-json\/wp\/v2\/posts\/48678","targetHints":{"allow":["GET"]}}],"collection":[{"href":"https:\/\/www.sincomam.org.br\/index.php\/wp-json\/wp\/v2\/posts"}],"about":[{"href":"https:\/\/www.sincomam.org.br\/index.php\/wp-json\/wp\/v2\/types\/post"}],"author":[{"embeddable":true,"href":"https:\/\/www.sincomam.org.br\/index.php\/wp-json\/wp\/v2\/users\/1527"}],"replies":[{"embeddable":true,"href":"https:\/\/www.sincomam.org.br\/index.php\/wp-json\/wp\/v2\/comments?post=48678"}],"version-history":[{"count":1,"href":"https:\/\/www.sincomam.org.br\/index.php\/wp-json\/wp\/v2\/posts\/48678\/revisions"}],"predecessor-version":[{"id":48680,"href":"https:\/\/www.sincomam.org.br\/index.php\/wp-json\/wp\/v2\/posts\/48678\/revisions\/48680"}],"wp:featuredmedia":[{"embeddable":true,"href":"https:\/\/www.sincomam.org.br\/index.php\/wp-json\/wp\/v2\/media\/48679"}],"wp:attachment":[{"href":"https:\/\/www.sincomam.org.br\/index.php\/wp-json\/wp\/v2\/media?parent=48678"}],"wp:term":[{"taxonomy":"category","embeddable":true,"href":"https:\/\/www.sincomam.org.br\/index.php\/wp-json\/wp\/v2\/categories?post=48678"},{"taxonomy":"post_tag","embeddable":true,"href":"https:\/\/www.sincomam.org.br\/index.php\/wp-json\/wp\/v2\/tags?post=48678"}],"curies":[{"name":"wp","href":"https:\/\/api.w.org\/{rel}","templated":true}]}}