{"id":48668,"date":"2023-11-30T08:35:43","date_gmt":"2023-11-30T11:35:43","guid":{"rendered":"http:\/\/www.sincomam.org.br\/?p=48668"},"modified":"2023-11-30T08:37:10","modified_gmt":"2023-11-30T11:37:10","slug":"acao-coordenada-da-marinha-do-brasil-resulta-em-grande-apreensao-de-contrabando-no-rio-iguacu","status":"publish","type":"post","link":"https:\/\/www.sincomam.org.br\/index.php\/acao-coordenada-da-marinha-do-brasil-resulta-em-grande-apreensao-de-contrabando-no-rio-iguacu\/","title":{"rendered":"A\u00e7\u00e3o Coordenada da Marinha do Brasil Resulta em Grande Apreens\u00e3o de Contrabando no Rio Igua\u00e7u"},"content":{"rendered":"<p>Na manh\u00e3 desta quarta-feira (29), a Marinha do Brasil, em colabora\u00e7\u00e3o com outras For\u00e7as Militares e de Seguran\u00e7a P\u00fablica, realizou uma a\u00e7\u00e3o bem-sucedida de intercepta\u00e7\u00e3o de contrabando no rio Igua\u00e7u, em Foz do Igua\u00e7u, Paran\u00e1. Esta opera\u00e7\u00e3o destacou a efic\u00e1cia da coopera\u00e7\u00e3o interinstitucional no combate a atividades ilegais.<\/p>\n<p><strong>Detalhes da Apreens\u00e3o<\/strong><\/p>\n<p>Militares da Capitania Fluvial do Rio Paran\u00e1, com o aux\u00edlio de um helic\u00f3ptero do 1\u00b0 Esquadr\u00e3o de Helic\u00f3pteros de Emprego Geral, interceptaram duas embarca\u00e7\u00f5es carregadas de mercadorias contrabandeadas da Argentina, avaliadas em quase R$ 60 mil. Paralelamente, uma equipe da Pol\u00edcia Rodovi\u00e1ria Federal deteve um ve\u00edculo relacionado \u00e0 mesma quadrilha, que tamb\u00e9m transportava contrabando.<\/p>\n<p><strong>Refor\u00e7o de Diversas Ag\u00eancias de Seguran\u00e7a<\/strong><\/p>\n<p>A miss\u00e3o contou com o refor\u00e7o do Ex\u00e9rcito Brasileiro, Pol\u00edcia Federal, Receita Federal e agentes do Programa de Vigil\u00e2ncia em Defesa Agropecu\u00e1ria para Fronteiras Internacionais (Vigifronteira), do Minist\u00e9rio da Agricultura e Pecu\u00e1ria. A integra\u00e7\u00e3o de diferentes \u00f3rg\u00e3os foi crucial para o \u00eaxito da opera\u00e7\u00e3o.<\/p>\n<p><strong>Impacto e Import\u00e2ncia da Opera\u00e7\u00e3o<\/strong><\/p>\n<p>Segundo o Capit\u00e3o dos Portos do Rio Paran\u00e1, Capit\u00e3o de Fragata Ed\u00e9sio Raimundo de Assis Junior, as apreens\u00f5es refor\u00e7am o compromisso das institui\u00e7\u00f5es em combater o contrabando na regi\u00e3o. Essas a\u00e7\u00f5es n\u00e3o apenas enfraquecem as atividades ilegais, mas tamb\u00e9m fortalecem a seguran\u00e7a na fronteira.<\/p>\n<p><strong>Hist\u00f3rico de Sucesso em Novembro<\/strong><\/p>\n<p>Esta opera\u00e7\u00e3o \u00e9 parte de uma s\u00e9rie de a\u00e7\u00f5es bem-sucedidas da For\u00e7a Naval em novembro, que incluem a descoberta de um dep\u00f3sito clandestino em Foz do Igua\u00e7u, a apreens\u00e3o de uma embarca\u00e7\u00e3o carregada de cigarros contrabandeados do Paraguai e o cerco a criminosos que resultou na apreens\u00e3o de 165 kg de maconha no rio Paran\u00e1.<\/p>\n<p><strong>Efic\u00e1cia na Seguran\u00e7a de Fronteiras<\/strong><\/p>\n<p>A atua\u00e7\u00e3o coordenada da Marinha do Brasil e demais \u00f3rg\u00e3os de seguran\u00e7a ressalta a efic\u00e1cia das estrat\u00e9gias de vigil\u00e2ncia e repress\u00e3o ao contrabando nas fronteiras do pa\u00eds. Estas opera\u00e7\u00f5es s\u00e3o vitais para a prote\u00e7\u00e3o da ordem e do bem-estar social, demonstrando a import\u00e2ncia da colabora\u00e7\u00e3o interag\u00eancias na manuten\u00e7\u00e3o da seguran\u00e7a nacional.<\/p>\n<p>Fonte: Defesa em Foco<\/p>\n","protected":false},"excerpt":{"rendered":"<p>Na manh\u00e3 desta quarta-feira (29), a Marinha do Brasil, em colabora\u00e7\u00e3o com outras For\u00e7as Militares e de Seguran\u00e7a P\u00fablica, realizou uma a\u00e7\u00e3o bem-sucedida de intercepta\u00e7\u00e3o&#8230;<\/p>\n","protected":false},"author":1527,"featured_media":48669,"comment_status":"closed","ping_status":"closed","sticky":false,"template":"","format":"standard","meta":{"footnotes":""},"categories":[6],"tags":[],"class_list":["post-48668","post","type-post","status-publish","format-standard","has-post-thumbnail","hentry","category-noticias"],"_links":{"self":[{"href":"https:\/\/www.sincomam.org.br\/index.php\/wp-json\/wp\/v2\/posts\/48668","targetHints":{"allow":["GET"]}}],"collection":[{"href":"https:\/\/www.sincomam.org.br\/index.php\/wp-json\/wp\/v2\/posts"}],"about":[{"href":"https:\/\/www.sincomam.org.br\/index.php\/wp-json\/wp\/v2\/types\/post"}],"author":[{"embeddable":true,"href":"https:\/\/www.sincomam.org.br\/index.php\/wp-json\/wp\/v2\/users\/1527"}],"replies":[{"embeddable":true,"href":"https:\/\/www.sincomam.org.br\/index.php\/wp-json\/wp\/v2\/comments?post=48668"}],"version-history":[{"count":1,"href":"https:\/\/www.sincomam.org.br\/index.php\/wp-json\/wp\/v2\/posts\/48668\/revisions"}],"predecessor-version":[{"id":48670,"href":"https:\/\/www.sincomam.org.br\/index.php\/wp-json\/wp\/v2\/posts\/48668\/revisions\/48670"}],"wp:featuredmedia":[{"embeddable":true,"href":"https:\/\/www.sincomam.org.br\/index.php\/wp-json\/wp\/v2\/media\/48669"}],"wp:attachment":[{"href":"https:\/\/www.sincomam.org.br\/index.php\/wp-json\/wp\/v2\/media?parent=48668"}],"wp:term":[{"taxonomy":"category","embeddable":true,"href":"https:\/\/www.sincomam.org.br\/index.php\/wp-json\/wp\/v2\/categories?post=48668"},{"taxonomy":"post_tag","embeddable":true,"href":"https:\/\/www.sincomam.org.br\/index.php\/wp-json\/wp\/v2\/tags?post=48668"}],"curies":[{"name":"wp","href":"https:\/\/api.w.org\/{rel}","templated":true}]}}