{"id":48600,"date":"2023-11-29T07:25:24","date_gmt":"2023-11-29T10:25:24","guid":{"rendered":"http:\/\/www.sincomam.org.br\/?p=48600"},"modified":"2023-11-28T21:06:24","modified_gmt":"2023-11-29T00:06:24","slug":"seminario-na-usp-aborda-o-futuro-do-direito-maritimo-brasileiro-2","status":"publish","type":"post","link":"https:\/\/www.sincomam.org.br\/index.php\/seminario-na-usp-aborda-o-futuro-do-direito-maritimo-brasileiro-2\/","title":{"rendered":"Semin\u00e1rio na USP Aborda o Futuro do Direito Mar\u00edtimo Brasileiro"},"content":{"rendered":"<p>Na Faculdade de Direito da Universidade de S\u00e3o Paulo (FDUSP), um evento importante marcou o calend\u00e1rio acad\u00eamico no dia 23 de novembro: o semin\u00e1rio \u201cDireito Mar\u00edtimo no Brasil: Reflex\u00f5es para uma nova legisla\u00e7\u00e3o\u201d. Coordenado pelo Professor Wagner Menezes, Diretor do Centro de Estudos em Direito do Mar da USP, o semin\u00e1rio foi um palco para discuss\u00f5es profundas e an\u00e1lises cr\u00edticas sobre o atual estado e o futuro da legisla\u00e7\u00e3o mar\u00edtima brasileira.<\/p>\n<p><strong>Objetivo do Semin\u00e1rio: Tra\u00e7ar Caminhos para Nova Legisla\u00e7\u00e3o<\/strong><\/p>\n<p>O semin\u00e1rio teve como objetivo principal reunir especialistas para debater e refletir sobre os desafios e as necessidades de uma nova legisla\u00e7\u00e3o mar\u00edtima no Brasil. Considerando a import\u00e2ncia estrat\u00e9gica do direito mar\u00edtimo para um pa\u00eds com uma vasta costa mar\u00edtima como o Brasil, o evento se mostrou essencial para tra\u00e7ar dire\u00e7\u00f5es futuras no \u00e2mbito jur\u00eddico e regulat\u00f3rio.<\/p>\n<p><strong>Participantes Renomados e Discuss\u00f5es Enriquecedoras<\/strong><\/p>\n<p>O evento contou com a participa\u00e7\u00e3o de renomados especialistas da \u00e1rea, incluindo as professoras Dra. Ingrid Zanella e Dra. Eliane Octaviano, o Juiz de Direito Titular da 4\u00aa Vara C\u00edvel de Santos Frederico Messias, e os Doutores Godofredo Mendes Vianna, Iwam Jaeger e Pedro Calmon Neto. Esses profissionais trouxeram uma variedade de perspectivas e experi\u00eancias, enriquecendo o debate com suas vis\u00f5es sobre as tend\u00eancias, desafios e oportunidades no direito mar\u00edtimo.<\/p>\n<p><strong>Implica\u00e7\u00f5es para o Futuro do Direito Mar\u00edtimo<\/strong><\/p>\n<p>As discuss\u00f5es do semin\u00e1rio s\u00e3o fundamentais para o desenvolvimento de uma legisla\u00e7\u00e3o mar\u00edtima mais robusta e adaptada \u00e0s realidades contempor\u00e2neas. A troca de conhecimentos e experi\u00eancias entre os participantes oferece uma base s\u00f3lida para a evolu\u00e7\u00e3o do direito mar\u00edtimo brasileiro, em um momento em que quest\u00f5es como seguran\u00e7a mar\u00edtima, prote\u00e7\u00e3o ambiental e com\u00e9rcio internacional est\u00e3o cada vez mais em foco.<\/p>\n<p><strong>Avan\u00e7ando o Direito Mar\u00edtimo no Brasil<\/strong><\/p>\n<p>A realiza\u00e7\u00e3o do semin\u00e1rio na FDUSP \u00e9 um passo significativo para o avan\u00e7o do direito mar\u00edtimo no Brasil. As reflex\u00f5es e discuss\u00f5es geradas no evento ir\u00e3o contribuir para o desenvolvimento de uma legisla\u00e7\u00e3o mais eficaz e atualizada, alinhada \u00e0s necessidades do pa\u00eds e \u00e0s normas internacionais, fortalecendo o papel do Brasil no cen\u00e1rio mar\u00edtimo global.<\/p>\n<p>Fonte: Defesa em Foco<\/p>\n","protected":false},"excerpt":{"rendered":"<p>Na Faculdade de Direito da Universidade de S\u00e3o Paulo (FDUSP), um evento importante marcou o calend\u00e1rio acad\u00eamico no dia 23 de novembro: o semin\u00e1rio \u201cDireito&#8230;<\/p>\n","protected":false},"author":1527,"featured_media":48657,"comment_status":"closed","ping_status":"closed","sticky":false,"template":"","format":"standard","meta":{"footnotes":""},"categories":[6],"tags":[],"class_list":["post-48600","post","type-post","status-publish","format-standard","has-post-thumbnail","hentry","category-noticias"],"_links":{"self":[{"href":"https:\/\/www.sincomam.org.br\/index.php\/wp-json\/wp\/v2\/posts\/48600","targetHints":{"allow":["GET"]}}],"collection":[{"href":"https:\/\/www.sincomam.org.br\/index.php\/wp-json\/wp\/v2\/posts"}],"about":[{"href":"https:\/\/www.sincomam.org.br\/index.php\/wp-json\/wp\/v2\/types\/post"}],"author":[{"embeddable":true,"href":"https:\/\/www.sincomam.org.br\/index.php\/wp-json\/wp\/v2\/users\/1527"}],"replies":[{"embeddable":true,"href":"https:\/\/www.sincomam.org.br\/index.php\/wp-json\/wp\/v2\/comments?post=48600"}],"version-history":[{"count":1,"href":"https:\/\/www.sincomam.org.br\/index.php\/wp-json\/wp\/v2\/posts\/48600\/revisions"}],"predecessor-version":[{"id":48658,"href":"https:\/\/www.sincomam.org.br\/index.php\/wp-json\/wp\/v2\/posts\/48600\/revisions\/48658"}],"wp:featuredmedia":[{"embeddable":true,"href":"https:\/\/www.sincomam.org.br\/index.php\/wp-json\/wp\/v2\/media\/48657"}],"wp:attachment":[{"href":"https:\/\/www.sincomam.org.br\/index.php\/wp-json\/wp\/v2\/media?parent=48600"}],"wp:term":[{"taxonomy":"category","embeddable":true,"href":"https:\/\/www.sincomam.org.br\/index.php\/wp-json\/wp\/v2\/categories?post=48600"},{"taxonomy":"post_tag","embeddable":true,"href":"https:\/\/www.sincomam.org.br\/index.php\/wp-json\/wp\/v2\/tags?post=48600"}],"curies":[{"name":"wp","href":"https:\/\/api.w.org\/{rel}","templated":true}]}}