{"id":48592,"date":"2023-11-29T07:10:12","date_gmt":"2023-11-29T10:10:12","guid":{"rendered":"http:\/\/www.sincomam.org.br\/?p=48592"},"modified":"2023-11-28T20:59:41","modified_gmt":"2023-11-28T23:59:41","slug":"ministro-do-trabalho-diz-que-projeto-sobre-saque-aniversario-do-fgts-so-deve-ser-enviado-em-2024","status":"publish","type":"post","link":"https:\/\/www.sincomam.org.br\/index.php\/ministro-do-trabalho-diz-que-projeto-sobre-saque-aniversario-do-fgts-so-deve-ser-enviado-em-2024\/","title":{"rendered":"Ministro do Trabalho diz que projeto sobre saque-anivers\u00e1rio do FGTS s\u00f3 deve ser enviado em 2024"},"content":{"rendered":"<div id=\"chunk-as010\">\n<div class=\"mc-column content-text active-extra-styles active-capital-letter\" data-block-type=\"unstyled\" data-block-weight=\"38\" data-block-id=\"1\">\n<p class=\" content-text__container theme-color-primary-first-letter\" data-track-category=\"Link no Texto\" data-track-links=\"\">O ministro do Trabalho, Luiz Marinho, disse nesta ter\u00e7a-feira (28) que o projeto sobre o saque-anivers\u00e1rio do Fundo de Garantia do Tempo de Servi\u00e7o (FGTS) deve ser enviado pelo governo federal ao\u00a0Congresso Nacional\u00a0somente em 2024.<\/p>\n<\/div>\n<\/div>\n<div class=\"wall protected-content\">\n<div id=\"chunk-7pq0s\">\n<div class=\"mc-column content-text active-extra-styles \" data-block-type=\"unstyled\" data-block-weight=\"53\" data-block-id=\"3\">\n<p class=\" content-text__container \" data-track-category=\"Link no Texto\" data-track-links=\"\">O saque-anivers\u00e1rio permite ao trabalhador sacar parte do saldo da conta do FGTS anualmente, no m\u00eas do seu anivers\u00e1rio, mas caso o trabalhador seja demitido, pode sacar apenas o valor referente \u00e0 multa rescis\u00f3ria, n\u00e3o podendo sacar o valor integral da conta \u2014 este \u00e9 um dos pontos criticados por Luiz Marinho.<\/p>\n<\/div>\n<\/div>\n<div id=\"chunk-8k6pp\">\n<div class=\"mc-column content-text active-extra-styles \" data-block-type=\"unstyled\" data-block-weight=\"49\" data-block-id=\"4\">\n<p class=\" content-text__container \" data-track-category=\"Link no Texto\" data-track-links=\"\">\u201cAcho que teremos dificuldade de sanar esse problema esse ano e provavelmente n\u00f3s s\u00f3 conseguiremos fazer, encaminhar para o Congresso Nacional no come\u00e7o do ano, tenho tratado disso com a Casa Civil reiteradamente, falei recentemente com o presidente Lula\u201d, disse o ministro durante reuni\u00e3o do Conselho Curador do FGTS.<\/p>\n<div class=\"&quot;GoogleActiveViewInnerContainer&quot;style=&quot;left:0px;top:0px;width:100%;height:100%;position:fixed;pointer-events:none;z-index:-9999;&quot;\">\n<div id=\"chunk-7c419\">\n<div class=\"mc-column content-text active-extra-styles \" data-block-type=\"unstyled\" data-block-weight=\"35\" data-block-id=\"9\">\n<p class=\" content-text__container \" data-track-category=\"Link no Texto\" data-track-links=\"\">Nesta ter\u00e7a-feira, Luiz Marinho n\u00e3o explicou o que levou ao adiamento do envio do projeto ao Congresso Nacional, mas citou que o tema depende de tramita\u00e7\u00e3o interna no governo antes do envio aos parlamentares.<\/p>\n<\/div>\n<\/div>\n<div id=\"chunk-1jb1u\">\n<div class=\"mc-column content-text active-extra-styles \" data-block-type=\"unstyled\" data-block-weight=\"52\" data-block-id=\"10\">\n<p class=\" content-text__container \" data-track-category=\"Link no Texto\" data-track-links=\"\">&#8220;Esse \u00e9 um compromisso que temos, as nossas devidas desculpas por n\u00e3o conseguir encontrar a solu\u00e7\u00e3o, porque isso depende de tramita\u00e7\u00e3o de projeto internamente no governo, posteriormente no parlamento brasileiro porque est\u00e1 amarrado em uma lei, \u00e9 preciso revoga\u00e7\u00e3o total ou parcial dessa lei pra dar acesso a essa garantia aos trabalhadores&#8221;.<\/p>\n<\/div>\n<\/div>\n<div id=\"chunk-9f4v7\">\n<div class=\"mc-column content-text active-extra-styles\" data-block-type=\"raw\" data-block-weight=\"4\" data-block-id=\"11\">\n<p class=\"content-text__container\"><strong>O que vai mudar?<\/strong><\/p>\n<p>O ministro n\u00e3o deu detalhes das mudan\u00e7as que devem ser propostas pelo governo federal, mas em setembro o Minist\u00e9rio do Trabalho informou, por nota, que a proposta em an\u00e1lise permite &#8220;ao trabalhador que optar pela modalidade de saque-anivers\u00e1rio a possibilidade de sacar tamb\u00e9m o saldo da conta, n\u00e3o apenas a multa rescis\u00f3ria\u201d.<\/p>\n<\/div>\n<\/div>\n<div id=\"chunk-eipr2\">\n<div class=\"mc-column content-text active-extra-styles \" data-block-type=\"unstyled\" data-block-weight=\"16\" data-block-id=\"13\">\n<p class=\" content-text__container \" data-track-category=\"Link no Texto\" data-track-links=\"\">Segundo a pasta, essa mudan\u00e7a seria capaz de \u201ccorrigir uma distor\u00e7\u00e3o, uma injusti\u00e7a contra o trabalhador\u201d.<\/p>\n<p data-track-category=\"Link no Texto\" data-track-links=\"\">Fonte: G1<\/p>\n<\/div>\n<\/div>\n<div id=\"chunk-1kf73\">\n<div class=\"content-ads content-ads--reveal\" data-block-type=\"ads\" data-block-id=\"14\">\n<div id=\"banner_materia__5f9493b1-7c0e-46e3-af77-eb909fbdc5e2\" class=\"tag-manager-publicidade-container mc-has-reveal mc-has-ad-lazyload tag-manager-publicidade-banner_materia__5f9493b1-7c0e-46e3-af77-eb909fbdc5e2 tag-manager-publicidade-container--carregado tag-manager-publicidade-container--visivel\" data-id=\"banner_materia__5f9493b1-7c0e-46e3-af77-eb909fbdc5e2\" data-google-query-id=\"COmVh4nz54IDFUmflQId4EABZQ\">\n<div id=\"google_ads_iframe_\/95377733\/tvg_G1\/Politica_4__container__\"><\/div>\n<\/div>\n<\/div>\n<\/div>\n<div data-track-category=\"multicontent\" data-track-action=\"ultimo chunk conteudo\" data-track-noninteraction=\"false\" data-track-scroll=\"view\">\n<div id=\"chunk-7qi4a\">\n<div class=\"block-podcast\"><\/div>\n<\/div>\n<\/div>\n<\/div>\n<\/div>\n<\/div>\n<\/div>\n","protected":false},"excerpt":{"rendered":"<p>O ministro do Trabalho, Luiz Marinho, disse nesta ter\u00e7a-feira (28) que o projeto sobre o saque-anivers\u00e1rio do Fundo de Garantia do Tempo de Servi\u00e7o (FGTS)&#8230;<\/p>\n","protected":false},"author":1527,"featured_media":47018,"comment_status":"closed","ping_status":"closed","sticky":false,"template":"","format":"standard","meta":{"footnotes":""},"categories":[6],"tags":[],"class_list":["post-48592","post","type-post","status-publish","format-standard","has-post-thumbnail","hentry","category-noticias"],"_links":{"self":[{"href":"https:\/\/www.sincomam.org.br\/index.php\/wp-json\/wp\/v2\/posts\/48592","targetHints":{"allow":["GET"]}}],"collection":[{"href":"https:\/\/www.sincomam.org.br\/index.php\/wp-json\/wp\/v2\/posts"}],"about":[{"href":"https:\/\/www.sincomam.org.br\/index.php\/wp-json\/wp\/v2\/types\/post"}],"author":[{"embeddable":true,"href":"https:\/\/www.sincomam.org.br\/index.php\/wp-json\/wp\/v2\/users\/1527"}],"replies":[{"embeddable":true,"href":"https:\/\/www.sincomam.org.br\/index.php\/wp-json\/wp\/v2\/comments?post=48592"}],"version-history":[{"count":1,"href":"https:\/\/www.sincomam.org.br\/index.php\/wp-json\/wp\/v2\/posts\/48592\/revisions"}],"predecessor-version":[{"id":48593,"href":"https:\/\/www.sincomam.org.br\/index.php\/wp-json\/wp\/v2\/posts\/48592\/revisions\/48593"}],"wp:featuredmedia":[{"embeddable":true,"href":"https:\/\/www.sincomam.org.br\/index.php\/wp-json\/wp\/v2\/media\/47018"}],"wp:attachment":[{"href":"https:\/\/www.sincomam.org.br\/index.php\/wp-json\/wp\/v2\/media?parent=48592"}],"wp:term":[{"taxonomy":"category","embeddable":true,"href":"https:\/\/www.sincomam.org.br\/index.php\/wp-json\/wp\/v2\/categories?post=48592"},{"taxonomy":"post_tag","embeddable":true,"href":"https:\/\/www.sincomam.org.br\/index.php\/wp-json\/wp\/v2\/tags?post=48592"}],"curies":[{"name":"wp","href":"https:\/\/api.w.org\/{rel}","templated":true}]}}