{"id":48580,"date":"2023-11-29T07:00:51","date_gmt":"2023-11-29T10:00:51","guid":{"rendered":"http:\/\/www.sincomam.org.br\/?p=48580"},"modified":"2023-11-28T20:54:00","modified_gmt":"2023-11-28T23:54:00","slug":"ci-prorroga-ate-2031-isencao-de-imposto-sobre-cargas-do-norte-e-nordeste","status":"publish","type":"post","link":"https:\/\/www.sincomam.org.br\/index.php\/ci-prorroga-ate-2031-isencao-de-imposto-sobre-cargas-do-norte-e-nordeste\/","title":{"rendered":"CI prorroga at\u00e9 2031 isen\u00e7\u00e3o de imposto sobre cargas do Norte e Nordeste"},"content":{"rendered":"<p>A Comiss\u00e3o de Servi\u00e7os de Infraestrutura da C\u00e2mara aprovou nesta ter\u00e7a-feira (28) o Projeto de Lei (PL) 1.765\/2019, que prorroga at\u00e9 dezembro de 2031 a isen\u00e7\u00e3o do Adicional ao Frete para Renova\u00e7\u00e3o da Marinha Mercante (AFRMM) sobre as cargas com origem ou destino nas regi\u00f5es Norte e Nordeste do pa\u00eds. O PL, da C\u00e2mara dos Deputados, recebeu parecer favor\u00e1vel do senador Eduardo Braga (MDB-AM), com emendas, e foi lido pelo senador Lucas Barreto (PSD-AP). A mat\u00e9ria segue para an\u00e1lise da Comiss\u00e3o de Assuntos Econ\u00f4micos (CAE).<\/p>\n<p>O texto prorroga benef\u00edcio institu\u00eddo pela Lei 9.432, de 1997, que trata da ordena\u00e7\u00e3o do transporte aquavi\u00e1rio. Quando da apresenta\u00e7\u00e3o do projeto, o texto inicial prorrogava o benef\u00edcio at\u00e9 o in\u00edcio de 2022. Quando da aprova\u00e7\u00e3o na C\u00e2mara, os deputados entenderam estender o prazo at\u00e9 janeiro de 2027 no entanto o relator apresentou emenda para esticar o prazo at\u00e9 31 de dezembro de 2031.<\/p>\n<p>Eduardo Braga afirmou que a altera\u00e7\u00e3o se justifica em raz\u00e3o de as regi\u00f5es Norte e o Nordeste possu\u00edrem baixa representatividade na ind\u00fastria naval. Segundo ele, \u201cos estaleiros se concentram na regi\u00e3o Sudeste, normalmente no estado do Rio de Janeiro. Segundo, o Norte e o Nordeste j\u00e1 sofrem com custos log\u00edsticos maiores, devido a seu afastamento geogr\u00e1fico dos pontos de maior oferta e demanda de diversos produtos. Por essas raz\u00f5es, julgamos apropriado que os habitantes e empresas dessas regi\u00f5es n\u00e3o sofram o encargo de financiar o Fundo da Marinha Mercante (FMM)\u201d, afirma no parecer.<\/p>\n<p>\u2014 A isen\u00e7\u00e3o representa um al\u00edvio principalmente para a Zona Franca de Manaus, que j\u00e1 sofre com as consequ\u00eancias da estagna\u00e7\u00e3o da economia brasileira e com o aumento do chamado Custo Brasil, inclusive custos log\u00edsticos e tribut\u00e1rios \u2014 refor\u00e7ou Lucas Barreto, ao ler o voto.<\/p>\n<p>Quanto ao impacto da proposta sobre o FMM, o relator explica que este recebe mais receitas com amortiza\u00e7\u00f5es e juros de empr\u00e9stimos do que com a arrecada\u00e7\u00e3o presente do Adicional ao Frete. A t\u00edtulo de exemplo, no primeiro trimestre deste ano foram repassados R$ 500,9 milh\u00f5es ao FMM, que recebeu R$ 875 milh\u00f5es de financiamentos j\u00e1 contratados, dos quais R$ 147,5 milh\u00f5es em juros. \u201cOs recursos necess\u00e1rios para o desenvolvimento da ind\u00fastria naval, portanto, podem ser obtidos por outras vias, mormente pela boa gest\u00e3o do dinheiro j\u00e1 dispon\u00edvel para o FMM\u201d, assegura.<\/p>\n<p>Fonte: Portos e Navios<\/p>\n","protected":false},"excerpt":{"rendered":"<p>A Comiss\u00e3o de Servi\u00e7os de Infraestrutura da C\u00e2mara aprovou nesta ter\u00e7a-feira (28) o Projeto de Lei (PL) 1.765\/2019, que prorroga at\u00e9 dezembro de 2031 a&#8230;<\/p>\n","protected":false},"author":1527,"featured_media":48581,"comment_status":"closed","ping_status":"closed","sticky":false,"template":"","format":"standard","meta":{"footnotes":""},"categories":[6],"tags":[],"class_list":["post-48580","post","type-post","status-publish","format-standard","has-post-thumbnail","hentry","category-noticias"],"_links":{"self":[{"href":"https:\/\/www.sincomam.org.br\/index.php\/wp-json\/wp\/v2\/posts\/48580","targetHints":{"allow":["GET"]}}],"collection":[{"href":"https:\/\/www.sincomam.org.br\/index.php\/wp-json\/wp\/v2\/posts"}],"about":[{"href":"https:\/\/www.sincomam.org.br\/index.php\/wp-json\/wp\/v2\/types\/post"}],"author":[{"embeddable":true,"href":"https:\/\/www.sincomam.org.br\/index.php\/wp-json\/wp\/v2\/users\/1527"}],"replies":[{"embeddable":true,"href":"https:\/\/www.sincomam.org.br\/index.php\/wp-json\/wp\/v2\/comments?post=48580"}],"version-history":[{"count":1,"href":"https:\/\/www.sincomam.org.br\/index.php\/wp-json\/wp\/v2\/posts\/48580\/revisions"}],"predecessor-version":[{"id":48582,"href":"https:\/\/www.sincomam.org.br\/index.php\/wp-json\/wp\/v2\/posts\/48580\/revisions\/48582"}],"wp:featuredmedia":[{"embeddable":true,"href":"https:\/\/www.sincomam.org.br\/index.php\/wp-json\/wp\/v2\/media\/48581"}],"wp:attachment":[{"href":"https:\/\/www.sincomam.org.br\/index.php\/wp-json\/wp\/v2\/media?parent=48580"}],"wp:term":[{"taxonomy":"category","embeddable":true,"href":"https:\/\/www.sincomam.org.br\/index.php\/wp-json\/wp\/v2\/categories?post=48580"},{"taxonomy":"post_tag","embeddable":true,"href":"https:\/\/www.sincomam.org.br\/index.php\/wp-json\/wp\/v2\/tags?post=48580"}],"curies":[{"name":"wp","href":"https:\/\/api.w.org\/{rel}","templated":true}]}}