{"id":48577,"date":"2023-11-28T08:56:44","date_gmt":"2023-11-28T11:56:44","guid":{"rendered":"http:\/\/www.sincomam.org.br\/?p=48577"},"modified":"2023-11-28T08:57:48","modified_gmt":"2023-11-28T11:57:48","slug":"tregua-entre-israel-e-hamas-em-gaza-e-prorrogada-por-dois-dias","status":"publish","type":"post","link":"https:\/\/www.sincomam.org.br\/index.php\/tregua-entre-israel-e-hamas-em-gaza-e-prorrogada-por-dois-dias\/","title":{"rendered":"Tr\u00e9gua entre Israel e Hamas em Gaza \u00e9 prorrogada por dois dias"},"content":{"rendered":"<p>O Catar anunciou nesta segunda-feira (27) que uma tr\u00e9gua entre as for\u00e7as de Israel e do Hamas em Gaza foi prorrogada por dois dias, dando continuidade a uma pausa em meio a sete semanas de uma guerra que matou milhares de pessoas e devastou o enclave palestino.<img decoding=\"async\" src=\"https:\/\/agenciabrasil.ebc.com.br\/ebc.png?id=1569174&amp;o=node\" \/><img decoding=\"async\" src=\"https:\/\/agenciabrasil.ebc.com.br\/ebc.gif?id=1569174&amp;o=node\" \/><\/p>\n<p>&#8220;Chegou-se a um acordo para estender a pausa humanit\u00e1ria por mais dois dias na Faixa de Gaza&#8221;, disse um porta-voz do Minist\u00e9rio das Rela\u00e7\u00f5es Exteriores do Catar, que atua como mediador, em um post na plataforma de m\u00eddia social X.<\/p>\n<p>N\u00e3o houve coment\u00e1rio imediato de Israel, mas uma autoridade da Casa Branca confirmou que o acordo havia sido alcan\u00e7ado.<\/p>\n<p>O Hamas tamb\u00e9m disse que concordou com uma extens\u00e3o de dois dias na tr\u00e9gua em conversas com Catar e Egito, que t\u00eam facilitado as negocia\u00e7\u00f5es indiretas entre os dois lados.<\/p>\n<p>&#8220;Um acordo foi alcan\u00e7ado com os irm\u00e3os do Catar e do Egito para estender a tr\u00e9gua humanit\u00e1ria tempor\u00e1ria por mais dois dias, com as mesmas condi\u00e7\u00f5es da tr\u00e9gua anterior&#8221;, disse um representante do Hamas em liga\u00e7\u00e3o telef\u00f4nica com a Reuters.<\/p>\n<p>Nenhum dos an\u00fancios especificou quantos ref\u00e9ns seriam libertados, mas anteriormente o chefe do Servi\u00e7o de Informa\u00e7\u00e3o do Estado do Egito, Diaa Rashwan, havia dito que o acordo que estava sendo negociado incluiria a liberta\u00e7\u00e3o de 20 ref\u00e9ns israelenses dentre os que foram apreendidos pelo Hamas durante o ataque de 7 de outubro ao sul de Israel. Em troca, 60 prisioneiros palestinos mantidos em pris\u00f5es israelenses seriam libertados, segundo ele.<\/p>\n<p>A tr\u00e9gua inicial de quatro dias termina na noite de segunda-feira.<\/p>\n<p>A liberta\u00e7\u00e3o de 11 ref\u00e9ns israelenses e 33 palestinos sob o acordo de cessar-fogo original era esperada para o final desta segunda-feira.<\/p>\n<p>O Hamas disse ter recebido uma lista de palestinos a serem libertados por Israel, que, segundo o grupo, inclui tr\u00eas prisioneiras e 30 menores de idade.<\/p>\n<p>A Casa Branca afirmou que as autoridades norte-americanas esperam que duas mulheres dos EUA estejam entre os libertados de Gaza, onde acredita que oito ou nove cidad\u00e3os norte-americanos estejam sendo mantidos.<\/p>\n<p>O gabinete do primeiro-ministro israelense, Benjamin Netanyahu, disse que notificou as fam\u00edlias dos ref\u00e9ns que seriam libertados nesta segunda-feira, sem especificar um n\u00famero.<\/p>\n<h2>Crise Humanit\u00e1ria<\/h2>\n<p>A tr\u00e9gua acordada na semana passada foi a primeira interrup\u00e7\u00e3o dos combates nas sete semanas desde que o Hamas atacou Israel, matando 1.200 pessoas e levando cerca de 240 ref\u00e9ns para Gaza, de acordo com dados israelenses.<\/p>\n<p>Em resposta a esse ataque, Israel bombardeou o enclave e montou uma ofensiva terrestre no norte. Mais de 15.000 palestinos foram mortos, segundo o governo do Hamas em Gaza, e centenas de milhares ficaram desabrigados.<\/p>\n<p>Amplas \u00e1reas do enclave foram arrasadas por ataques a\u00e9reos e bombardeios de artilharia israelenses, e uma crise humanit\u00e1ria se desenrolou com o esgotamento dos suprimentos de alimentos, combust\u00edvel, \u00e1gua pot\u00e1vel e medicamentos.<\/p>\n<p>O acordo de tr\u00e9gua tamb\u00e9m permitiu a entrada de caminh\u00f5es de ajuda em Gaza.<\/p>\n<p>No domingo, o Hamas libertou 17 pessoas, incluindo uma menina israelense-americana de 4 anos, elevando o n\u00famero total de libertados pelo grupo militante desde sexta-feira para 58, incluindo estrangeiros. Israel libertou 39 prisioneiros palestinos adolescentes no domingo, aumentando o n\u00famero total de palestinos libertados sob a tr\u00e9gua para 117.<\/p>\n<p>Um porta-voz do governo israelense disse que o n\u00famero total de ref\u00e9ns ainda mantidos em Gaza na segunda-feira era de 184, incluindo 14 estrangeiros e 80 israelenses com dupla nacionalidade.<\/p>\n<p>Fonte: Ag\u00eancia Brasil<\/p>\n","protected":false},"excerpt":{"rendered":"<p>O Catar anunciou nesta segunda-feira (27) que uma tr\u00e9gua entre as for\u00e7as de Israel e do Hamas em Gaza foi prorrogada por dois dias, dando&#8230;<\/p>\n","protected":false},"author":1527,"featured_media":48270,"comment_status":"closed","ping_status":"closed","sticky":false,"template":"","format":"standard","meta":{"footnotes":""},"categories":[6],"tags":[],"class_list":["post-48577","post","type-post","status-publish","format-standard","has-post-thumbnail","hentry","category-noticias"],"_links":{"self":[{"href":"https:\/\/www.sincomam.org.br\/index.php\/wp-json\/wp\/v2\/posts\/48577","targetHints":{"allow":["GET"]}}],"collection":[{"href":"https:\/\/www.sincomam.org.br\/index.php\/wp-json\/wp\/v2\/posts"}],"about":[{"href":"https:\/\/www.sincomam.org.br\/index.php\/wp-json\/wp\/v2\/types\/post"}],"author":[{"embeddable":true,"href":"https:\/\/www.sincomam.org.br\/index.php\/wp-json\/wp\/v2\/users\/1527"}],"replies":[{"embeddable":true,"href":"https:\/\/www.sincomam.org.br\/index.php\/wp-json\/wp\/v2\/comments?post=48577"}],"version-history":[{"count":1,"href":"https:\/\/www.sincomam.org.br\/index.php\/wp-json\/wp\/v2\/posts\/48577\/revisions"}],"predecessor-version":[{"id":48579,"href":"https:\/\/www.sincomam.org.br\/index.php\/wp-json\/wp\/v2\/posts\/48577\/revisions\/48579"}],"wp:featuredmedia":[{"embeddable":true,"href":"https:\/\/www.sincomam.org.br\/index.php\/wp-json\/wp\/v2\/media\/48270"}],"wp:attachment":[{"href":"https:\/\/www.sincomam.org.br\/index.php\/wp-json\/wp\/v2\/media?parent=48577"}],"wp:term":[{"taxonomy":"category","embeddable":true,"href":"https:\/\/www.sincomam.org.br\/index.php\/wp-json\/wp\/v2\/categories?post=48577"},{"taxonomy":"post_tag","embeddable":true,"href":"https:\/\/www.sincomam.org.br\/index.php\/wp-json\/wp\/v2\/tags?post=48577"}],"curies":[{"name":"wp","href":"https:\/\/api.w.org\/{rel}","templated":true}]}}