{"id":48574,"date":"2023-11-28T08:55:38","date_gmt":"2023-11-28T11:55:38","guid":{"rendered":"http:\/\/www.sincomam.org.br\/?p=48574"},"modified":"2023-11-28T08:55:38","modified_gmt":"2023-11-28T11:55:38","slug":"oito-em-cada-10-brasileiros-se-preocupam-com-mudancas-climaticas","status":"publish","type":"post","link":"https:\/\/www.sincomam.org.br\/index.php\/oito-em-cada-10-brasileiros-se-preocupam-com-mudancas-climaticas\/","title":{"rendered":"Oito em cada 10 brasileiros se preocupam com mudan\u00e7as clim\u00e1ticas"},"content":{"rendered":"<p>H\u00e1 quem goste de dias nublados, do cheiro de terra \u00famida e de observar a chuva escorrendo pela janela de casa. Mas, quando os servi\u00e7os de meteorologia preveem chuva intensa, a maioria dos brasileiros associa o evento natural a tempestades, alagamentos, vendavais, queda de \u00e1rvores, destrui\u00e7\u00e3o e preju\u00edzos. \u00a0<img decoding=\"async\" src=\"https:\/\/agenciabrasil.ebc.com.br\/ebc.png?id=1569167&amp;o=node\" \/><img decoding=\"async\" src=\"https:\/\/agenciabrasil.ebc.com.br\/ebc.gif?id=1569167&amp;o=node\" \/><\/p>\n<p>Segundo dados da pesquisa o\u00a0<em>Natureza e Cidades: a rela\u00e7\u00e3o dos brasileiros com a mudan\u00e7a clim\u00e1tica<\/em>, 64% dos brasileiros \u2013 ou seis em cada dez pessoas \u2013 sentem medo de precipita\u00e7\u00f5es intensas e temporais. O levantamento in\u00e9dito trata da percep\u00e7\u00e3o da popula\u00e7\u00e3o brasileira sobre as mudan\u00e7as clim\u00e1ticas.<\/p>\n<p>O estudo foi realizado pela Funda\u00e7\u00e3o Grupo Botic\u00e1rio, com apoio da Organiza\u00e7\u00e3o das Na\u00e7\u00f5es Unidas (ONU) para a Educa\u00e7\u00e3o, a Ci\u00eancia e a Cultura (Unesco) no Brasil; da Associa\u00e7\u00e3o Nacional de Munic\u00edpios e Meio Ambiente (Anamma); e da Alian\u00e7a Bioconex\u00e3o Urbana.<\/p>\n<h2>Eventos extremos<\/h2>\n<p>O estudo mostra tamb\u00e9m que oito em cada dez brasileiros est\u00e3o preocupados com a mudan\u00e7a do clima, e 71% dos entrevistados percebem que, com o passar do tempo, os eventos clim\u00e1ticos extremos est\u00e3o ficando cada vez mais frequentes e intensos.<\/p>\n<p>A pesquisa tamb\u00e9m identificou que 64% das pessoas sabem que a mudan\u00e7a do clima vai al\u00e9m do aquecimento do planeta. Para 93% dos brasileiros entrevistados, eventos como tempestades, ondas de calor e de frio, ciclones e outros, est\u00e3o ficando cada vez mais intensos em todo o planeta. Por este motivo, para 91% dos brasileiros, as mudan\u00e7as clim\u00e1ticas s\u00e3o consideradas importantes.<\/p>\n<p>Para a diretora-executiva da Funda\u00e7\u00e3o Grupo Botic\u00e1rio, Malu Nunes, o resultado da pesquisa pode fazer com que as pessoas reflito sobre solu\u00e7\u00f5es.<\/p>\n<p>\u201cA pesquisa nos permite compreender melhor os impactos diretos das mudan\u00e7as do clima na vida da popula\u00e7\u00e3o, o n\u00edvel de entendimento das pessoas sobre o aumento dos fen\u00f4menos clim\u00e1ticos extremos e, tamb\u00e9m, refletir sobre poss\u00edveis caminhos para tornar nossas cidades mais resilientes \u00e0 nova realidade.\u201d<\/p>\n<h2>Impactos<\/h2>\n<p>Cerca de uma a cada tr\u00eas pessoas (35%) j\u00e1 se sentiram impactadas ou tiveram um familiar diretamente impactado por fen\u00f4menos clim\u00e1ticos extremos. Entre esses impactados, 65% relatam alguma perda financeira, com preju\u00edzo m\u00e9dio estimado de R$ 8.485,00 por pessoa.<\/p>\n<p>Entre os eventos que geraram essas consequ\u00eancias diretas, os mais citados foram: chuvas fortes ou tempestades (45%), ventanias (21%), inunda\u00e7\u00f5es e alagamentos (21%), ondas de calor (20%), per\u00edodos longos de estiagem (7%) e, por fim, deslizamentos de terra ou desmoronamentos (5%).<\/p>\n<p>O estudo prop\u00f4s uma escala de 0 a 10 para que os entrevistados marcassem outras repercuss\u00f5es das mudan\u00e7as clim\u00e1ticas. O aumento nos pre\u00e7os dos alimentos figurou em primeiro lugar, com nota m\u00e9dia de 8,8 nesta escala. Outras marca\u00e7\u00f5es dos entrevistados igual ou acima de 8, na escala, incluem: extin\u00e7\u00e3o de esp\u00e9cies (8,5); aumento do n\u00edvel do mar (8,2); crise no abastecimento de \u00e1gua (8,1) e crise na gera\u00e7\u00e3o de energia (8).<\/p>\n<p>Em um recorte que considera a regi\u00e3o onde vivem os entrevistados, a popula\u00e7\u00e3o que se sente mais impactada diretamente \u00e9 a da Regi\u00e3o Sul (45%), seguida por Sudeste (36%), Norte (34%), Centro-Oeste (32%) e Nordeste (29%).<\/p>\n<h2>Justi\u00e7a clim\u00e1tica<\/h2>\n<p>A pesquisa tamb\u00e9m mostrou que 39% das pessoas entrevistadas percebem que as mudan\u00e7as do clima impactam, de forma e intensidade diferentes, grupos sociais e pa\u00edses distintos.<\/p>\n<p>Para a diretora e representante da Unesco no Brasil, Marlova Jovchelovitch Noleto, essa consci\u00eancia \u00e9 relevante na busca de igualdade de direitos.<\/p>\n<blockquote><p>\u201cEssa compreens\u00e3o \u00e9 importante para percebermos que n\u00e3o se trata de uma quest\u00e3o meramente ambiental, \u00e9 tamb\u00e9m uma quest\u00e3o \u00e9tica e pol\u00edtica. Portanto, como sociedade, precisamos avan\u00e7ar no entendimento sobre a justi\u00e7a clim\u00e1tica\u201d.<\/p><\/blockquote>\n<p>Nas capitais brasileiras, em m\u00e9dia, 59% j\u00e1 assimilaram que mudan\u00e7a clim\u00e1tica n\u00e3o \u00e9 a mesmo que previs\u00e3o do tempo. No entanto, o entendimento sobre causas e consequ\u00eancias das mudan\u00e7as clim\u00e1ticas varia conforme a escolaridade dos entrevistados.<\/p>\n<p>Segundo os dados coletados, quanto menor o n\u00edvel de escolaridade, menor a compreens\u00e3o sobre como o ser humano influencia nas altera\u00e7\u00f5es do clima do planeta \u2013 o que pode sinalizar a desigualdade no acesso \u00e0 informa\u00e7\u00e3o pelas pessoas com menor grau de instru\u00e7\u00e3o.<\/p>\n<h2>Verde nas cidades<\/h2>\n<p>Al\u00e9m de investigar a opini\u00e3o da popula\u00e7\u00e3o brasileira sobre as mudan\u00e7as clim\u00e1ticas, o estudo da Funda\u00e7\u00e3o Grupo Botic\u00e1rio tem o objetivo de mostrar a import\u00e2ncia de aumentar a presen\u00e7a de \u00e1reas verdes nas cidades para amenizar o impacto desses eventos extremos nas regi\u00f5es urbanas.<\/p>\n<p>Quase a totalidade dos entrevistados (98%) gostariam de viver em cidades mais arborizadas \u2013 com mais \u00e1rvores nas ruas, mais parques urbanos e corredores verdes.<\/p>\n<p>Nove em cada dez entrevistados percebem que a sensa\u00e7\u00e3o de calor \u00e9 maior em regi\u00f5es com menos \u00e1reas verdes. Para 86% dos entrevistados, os espa\u00e7os verdes est\u00e3o diminuindo; e 26% disseram que moram em regi\u00f5es sem parques, bosques ou \u00e1reas verdes.<\/p>\n<h2>Mudan\u00e7a de h\u00e1bitos<\/h2>\n<p>Diante destas percep\u00e7\u00f5es, 87% dos entrevistados admitiram estar dispostos a mudar seus h\u00e1bitos em benef\u00edcio do planeta, sendo que 19%, n\u00e3o indicaram como mud\u00e1-los. Dentre os que citaram mudan\u00e7as, as alternativas listadas incluem: reciclar e descartar o lixo corretamente (24%), plantar \u00e1rvores (15%), evitar uso de pl\u00e1stico (8%) e usar meios de transporte menos poluentes (8%).<\/p>\n<p>A professora do Departamento de Arquitetura e Urbanismo da Pontif\u00edcia Universidade Cat\u00f3lica do Rio de Janeiro (PUC-Rio) e membro da Rede de Especialistas em Conserva\u00e7\u00e3o da Natureza (RECN), Cecilia Polacow Herzog, afirma que \u00e9 importante aproveitar essa disposi\u00e7\u00e3o de mudan\u00e7a para incentivar medidas que reduzam o aquecimento global.<\/p>\n<p>Ela tamb\u00e9m cita algumas a\u00e7\u00f5es que podem ser praticadas para ajudar na conscientiza\u00e7\u00e3o daqueles que n\u00e3o sabem o que fazer: &#8220;o uso de transporte p\u00fablico e bicicletas; a economia de energia e o uso de energia renov\u00e1vel; o plantio de \u00e1rvores; os cuidados com as \u00e1reas naturais de forma geral e o consumo consciente \u2013 privilegiando produtos e servi\u00e7os de empresas comprometidas com a redu\u00e7\u00e3o de seus impactos negativos na sociedade e no meio ambiente, entre outras iniciativas&#8221;.<\/p>\n<blockquote><p>&#8220;Al\u00e9m disso, \u00e9 importante incentivar o voto consciente em candidatos que compreendam a import\u00e2ncia da conserva\u00e7\u00e3o da natureza para o nosso futuro\u201d,<\/p><\/blockquote>\n<h2>COP 28<\/h2>\n<p>A pesquisa\u00a0<em>Natureza e Cidades: a rela\u00e7\u00e3o dos brasileiros com a mudan\u00e7a clim\u00e1tica<\/em>\u00a0ser\u00e1 divulgada na \u00edntegra no dia 2 de dezembro, durante a 28\u00aa Confer\u00eancia de Mudan\u00e7as do Clima da ONU (COP 28), que ocorrer\u00e1 em Dubai, nos Emirados \u00c1rabes.<\/p>\n<p>O levantamento ouviu 2 mil pessoas com idades de 18 a 64 anos, de ambos os g\u00eaneros e de todas as classes sociais, nas cinco regi\u00f5es do pa\u00eds. Na amostra, 50,5% dos entrevistados residem em capitais e 49,5% vivem nas demais cidades.<\/p>\n<p>A expectativa \u00e9 de a COP 28 re\u00fana 197 pa\u00edses e mais de 200 l\u00edderes internacionais, entre eles o presidente Luiz In\u00e1cio Lula da Silva que viaja acompanhado de sua ministra do Meio Ambiente e Mudan\u00e7a do Clima, Marina Silva.<\/p>\n<p>Fonte: Ag\u00eancia Brasil<\/p>\n","protected":false},"excerpt":{"rendered":"<p>H\u00e1 quem goste de dias nublados, do cheiro de terra \u00famida e de observar a chuva escorrendo pela janela de casa. Mas, quando os servi\u00e7os&#8230;<\/p>\n","protected":false},"author":1527,"featured_media":48575,"comment_status":"closed","ping_status":"closed","sticky":false,"template":"","format":"standard","meta":{"footnotes":""},"categories":[6],"tags":[],"class_list":["post-48574","post","type-post","status-publish","format-standard","has-post-thumbnail","hentry","category-noticias"],"_links":{"self":[{"href":"https:\/\/www.sincomam.org.br\/index.php\/wp-json\/wp\/v2\/posts\/48574","targetHints":{"allow":["GET"]}}],"collection":[{"href":"https:\/\/www.sincomam.org.br\/index.php\/wp-json\/wp\/v2\/posts"}],"about":[{"href":"https:\/\/www.sincomam.org.br\/index.php\/wp-json\/wp\/v2\/types\/post"}],"author":[{"embeddable":true,"href":"https:\/\/www.sincomam.org.br\/index.php\/wp-json\/wp\/v2\/users\/1527"}],"replies":[{"embeddable":true,"href":"https:\/\/www.sincomam.org.br\/index.php\/wp-json\/wp\/v2\/comments?post=48574"}],"version-history":[{"count":1,"href":"https:\/\/www.sincomam.org.br\/index.php\/wp-json\/wp\/v2\/posts\/48574\/revisions"}],"predecessor-version":[{"id":48576,"href":"https:\/\/www.sincomam.org.br\/index.php\/wp-json\/wp\/v2\/posts\/48574\/revisions\/48576"}],"wp:featuredmedia":[{"embeddable":true,"href":"https:\/\/www.sincomam.org.br\/index.php\/wp-json\/wp\/v2\/media\/48575"}],"wp:attachment":[{"href":"https:\/\/www.sincomam.org.br\/index.php\/wp-json\/wp\/v2\/media?parent=48574"}],"wp:term":[{"taxonomy":"category","embeddable":true,"href":"https:\/\/www.sincomam.org.br\/index.php\/wp-json\/wp\/v2\/categories?post=48574"},{"taxonomy":"post_tag","embeddable":true,"href":"https:\/\/www.sincomam.org.br\/index.php\/wp-json\/wp\/v2\/tags?post=48574"}],"curies":[{"name":"wp","href":"https:\/\/api.w.org\/{rel}","templated":true}]}}