{"id":48554,"date":"2023-11-27T10:35:56","date_gmt":"2023-11-27T13:35:56","guid":{"rendered":"http:\/\/www.sincomam.org.br\/?p=48554"},"modified":"2023-11-27T10:35:56","modified_gmt":"2023-11-27T13:35:56","slug":"marinha-recebe-fuzileiros-americanos-chineses-e-de-outros-7-paises-em-encontro-no-rio","status":"publish","type":"post","link":"https:\/\/www.sincomam.org.br\/index.php\/marinha-recebe-fuzileiros-americanos-chineses-e-de-outros-7-paises-em-encontro-no-rio\/","title":{"rendered":"Marinha recebe fuzileiros americanos, chineses e de outros 7 pa\u00edses em encontro no Rio"},"content":{"rendered":"<div id=\"chunk-4klae\">\n<div class=\"mc-column content-text active-extra-styles \" data-block-type=\"unstyled\" data-block-weight=\"26\" data-block-id=\"2\">\n<p class=\" content-text__container \" data-track-category=\"Link no Texto\" data-track-links=\"\">Comandantes de fuzileiros navais dos\u00a0Estados Unidos, da\u00a0China\u00a0e de outros 7 pa\u00edses est\u00e3o no\u00a0Rio de Janeiro\u00a0para um congresso ao longo desta semana.<\/p>\n<\/div>\n<\/div>\n<div class=\"wall protected-content\">\n<div id=\"chunk-11lpj\">\n<div class=\"mc-column content-text active-extra-styles \" data-block-type=\"unstyled\" data-block-weight=\"55\" data-block-id=\"4\">\n<p class=\" content-text__container \" data-track-category=\"Link no Texto\" data-track-links=\"\">A Marinha convidou os representantes para o\u00a04\u00ba Simp\u00f3sio do Corpo de Fuzileiros Navais, cujo tema, este ano, s\u00e3o\u00a0<span class=\"highlight highlighted\">\u201cos desafios da prontid\u00e3o operativa em um mundo em transforma\u00e7\u00e3o\u201d<\/span>. O encontro come\u00e7a nesta segunda-feira (27) e vai at\u00e9 sexta (1\u00ba) no Centro de Instru\u00e7\u00e3o Almirante Sylvio de Camargo, no Complexo Naval da Ilha do Governador.<\/p>\n<\/div>\n<\/div>\n<div id=\"chunk-aoamd\">\n<div class=\"mc-column content-text active-extra-styles \" data-block-type=\"unstyled\" data-block-weight=\"49\" data-block-id=\"5\">\n<p class=\" content-text__container \" data-track-category=\"Link no Texto\" data-track-links=\"\">O encontro coincide com\u00a0o per\u00edodo de vig\u00eancia da Opera\u00e7\u00e3o da Garantia da Lei e da Ordem (GLO), onde a Marinha atua com tropas nos portos de Itagua\u00ed (RJ) e Santos (SP), al\u00e9m de conduzir a\u00e7\u00f5es nas ba\u00edas de Guanabara e de Sepetiba, ambas na Regi\u00e3o Metropolitana do Rio.<\/p>\n<p class=\" content-text__container \" data-track-category=\"Link no Texto\" data-track-links=\"\"><span style=\"font-family: inherit; font-size: inherit; font-style: inherit; font-variant-ligatures: inherit; font-variant-caps: inherit;\">O comandante das For\u00e7as de Fuzileiros Navais Sul dos EUA, <\/span>vice-almirante David Bellon<span style=\"font-family: inherit; font-size: inherit; font-style: inherit; font-variant-ligatures: inherit; font-variant-caps: inherit;\">, e o comandante do Corpo de Fuzileiros Navais da China,\u00a0<\/span>contra-almirante Zhu Chuansheng<span style=\"font-family: inherit; font-size: inherit; font-style: inherit; font-variant-ligatures: inherit; font-variant-caps: inherit;\">, est\u00e3o entre os convidados.\u00a0<\/span><span style=\"font-family: inherit; font-size: inherit; font-style: inherit; font-variant-ligatures: inherit; font-variant-caps: inherit;\">Fran\u00e7a<\/span><span style=\"font-family: inherit; font-size: inherit; font-style: inherit; font-variant-ligatures: inherit; font-variant-caps: inherit;\">,\u00a0<\/span><span style=\"font-family: inherit; font-size: inherit; font-style: inherit; font-variant-ligatures: inherit; font-variant-caps: inherit;\">Coreia do Sul<\/span><span style=\"font-family: inherit; font-size: inherit; font-style: inherit; font-variant-ligatures: inherit; font-variant-caps: inherit;\">,\u00a0<\/span><span style=\"font-family: inherit; font-size: inherit; font-style: inherit; font-variant-ligatures: inherit; font-variant-caps: inherit;\">Portugal<\/span><span style=\"font-family: inherit; font-size: inherit; font-style: inherit; font-variant-ligatures: inherit; font-variant-caps: inherit;\">,\u00a0<\/span><span style=\"font-family: inherit; font-size: inherit; font-style: inherit; font-variant-ligatures: inherit; font-variant-caps: inherit;\">Espanha<\/span><span style=\"font-family: inherit; font-size: inherit; font-style: inherit; font-variant-ligatures: inherit; font-variant-caps: inherit;\">,\u00a0<\/span><span style=\"font-family: inherit; font-size: inherit; font-style: inherit; font-variant-ligatures: inherit; font-variant-caps: inherit;\">It\u00e1lia<\/span><span style=\"font-family: inherit; font-size: inherit; font-style: inherit; font-variant-ligatures: inherit; font-variant-caps: inherit;\">,\u00a0<\/span><span style=\"font-family: inherit; font-size: inherit; font-style: inherit; font-variant-ligatures: inherit; font-variant-caps: inherit;\">Col\u00f4mbia<\/span><span style=\"font-family: inherit; font-size: inherit; font-style: inherit; font-variant-ligatures: inherit; font-variant-caps: inherit;\">\u00a0e\u00a0<\/span><span style=\"font-family: inherit; font-size: inherit; font-style: inherit; font-variant-ligatures: inherit; font-variant-caps: inherit;\">Argentina<\/span><span style=\"font-family: inherit; font-size: inherit; font-style: inherit; font-variant-ligatures: inherit; font-variant-caps: inherit;\">\u00a0tamb\u00e9m mandaram representantes.<\/span><\/p>\n<\/div>\n<\/div>\n<div id=\"chunk-41ofp\">\n<div class=\"mc-column content-text active-extra-styles \" data-block-type=\"unstyled\" data-block-weight=\"21\" data-block-id=\"8\">\n<p class=\" content-text__container \" data-track-category=\"Link no Texto\" data-track-links=\"\">O objetivo do simp\u00f3sio \u00e9 trocar experi\u00eancias entre for\u00e7as internacionais a fim de atualizar o planejamento estrat\u00e9gico da Marinha do Brasil.<\/p>\n<\/div>\n<\/div>\n<div data-track-category=\"multicontent\" data-track-action=\"ultimo chunk conteudo\" data-track-noninteraction=\"false\" data-track-scroll=\"view\">\n<div id=\"chunk-c55uo\">\n<div class=\"mc-column content-text active-extra-styles \" data-block-type=\"unstyled\" data-block-weight=\"16\" data-block-id=\"9\">\n<p class=\" content-text__container \" data-track-category=\"Link no Texto\" data-track-links=\"\">Nesta ter\u00e7a-feira (28), fuzileiros que atuam na GLO do Rio participar\u00e3o de um exerc\u00edcio de demonstra\u00e7\u00e3o.<\/p>\n<p data-track-category=\"Link no Texto\" data-track-links=\"\">Fonte: G1<\/p>\n<\/div>\n<\/div>\n<\/div>\n<\/div>\n","protected":false},"excerpt":{"rendered":"<p>Comandantes de fuzileiros navais dos\u00a0Estados Unidos, da\u00a0China\u00a0e de outros 7 pa\u00edses est\u00e3o no\u00a0Rio de Janeiro\u00a0para um congresso ao longo desta semana. A Marinha convidou os&#8230;<\/p>\n","protected":false},"author":1527,"featured_media":48555,"comment_status":"closed","ping_status":"closed","sticky":false,"template":"","format":"standard","meta":{"footnotes":""},"categories":[6],"tags":[],"class_list":["post-48554","post","type-post","status-publish","format-standard","has-post-thumbnail","hentry","category-noticias"],"_links":{"self":[{"href":"https:\/\/www.sincomam.org.br\/index.php\/wp-json\/wp\/v2\/posts\/48554","targetHints":{"allow":["GET"]}}],"collection":[{"href":"https:\/\/www.sincomam.org.br\/index.php\/wp-json\/wp\/v2\/posts"}],"about":[{"href":"https:\/\/www.sincomam.org.br\/index.php\/wp-json\/wp\/v2\/types\/post"}],"author":[{"embeddable":true,"href":"https:\/\/www.sincomam.org.br\/index.php\/wp-json\/wp\/v2\/users\/1527"}],"replies":[{"embeddable":true,"href":"https:\/\/www.sincomam.org.br\/index.php\/wp-json\/wp\/v2\/comments?post=48554"}],"version-history":[{"count":1,"href":"https:\/\/www.sincomam.org.br\/index.php\/wp-json\/wp\/v2\/posts\/48554\/revisions"}],"predecessor-version":[{"id":48556,"href":"https:\/\/www.sincomam.org.br\/index.php\/wp-json\/wp\/v2\/posts\/48554\/revisions\/48556"}],"wp:featuredmedia":[{"embeddable":true,"href":"https:\/\/www.sincomam.org.br\/index.php\/wp-json\/wp\/v2\/media\/48555"}],"wp:attachment":[{"href":"https:\/\/www.sincomam.org.br\/index.php\/wp-json\/wp\/v2\/media?parent=48554"}],"wp:term":[{"taxonomy":"category","embeddable":true,"href":"https:\/\/www.sincomam.org.br\/index.php\/wp-json\/wp\/v2\/categories?post=48554"},{"taxonomy":"post_tag","embeddable":true,"href":"https:\/\/www.sincomam.org.br\/index.php\/wp-json\/wp\/v2\/tags?post=48554"}],"curies":[{"name":"wp","href":"https:\/\/api.w.org\/{rel}","templated":true}]}}