{"id":48538,"date":"2023-11-27T10:24:02","date_gmt":"2023-11-27T13:24:02","guid":{"rendered":"http:\/\/www.sincomam.org.br\/?p=48538"},"modified":"2023-11-27T10:24:02","modified_gmt":"2023-11-27T13:24:02","slug":"investimento-da-petrobras-deve-criar-14-milhao-de-empregos-em-5-anos","status":"publish","type":"post","link":"https:\/\/www.sincomam.org.br\/index.php\/investimento-da-petrobras-deve-criar-14-milhao-de-empregos-em-5-anos\/","title":{"rendered":"Investimento da Petrobras deve criar 1,4 milh\u00e3o de empregos em 5 anos"},"content":{"rendered":"<p>O plano estrat\u00e9gico de investimentos da Petrobras para o quinqu\u00eanio 2024-2028 prev\u00ea a cria\u00e7\u00e3o de 1,4 milh\u00e3o de empregos direitos e indiretos. Uma m\u00e9dia de 280 mil a cada ano, a maior parte em \u00e1reas de explora\u00e7\u00e3o e produ\u00e7\u00e3o de petr\u00f3leo. A estimativa foi feita pelo presidente da estatal, Jean Paul Prates, na sexta-feira (24), no Rio de Janeiro, em um encontro com jornalistas, para detalhar o plano aprovado, na quinta-feira (23), pelo conselho de administra\u00e7\u00e3o da companhia.<\/p>\n<p>Prates ressaltou que o conjunto de investimentos apresenta um crescimento de 31% em rela\u00e7\u00e3o ao anterior, v\u00e1lido inicialmente para 2023-2027, aprovado no \u00faltimo ano do governo do ex-presidente Jair Bolsonaro.<\/p>\n<p>\u201cEsse plano muda muita coisa. O plano \u00e9 direcionado para uma empresa que est\u00e1 enxergando o futuro. Anteriormente voc\u00ea via a empresa sem futuro, voc\u00ea a via simplesmente deixando de investir, pagando dividendos exorbitantes, acima de qualquer outra cong\u00eanere, apontando apenas para atividade do pr\u00e9-sal, que \u00e9 finito, um recurso n\u00e3o renov\u00e1vel\u201d, comparou.<\/p>\n<p>\u201cAgora n\u00e3o, a gente est\u00e1 apontando para explora\u00e7\u00e3o de novas \u00e1reas, reposi\u00e7\u00e3o de reservas, continuidade das atividades de petr\u00f3leo e g\u00e1s, por\u00e9m, com olho no futuro. Estamos falando de coprocessamento em refinarias, gerar energia renov\u00e1vel em grande escala para produ\u00e7\u00e3o de hidrog\u00eanio verde e outros produtos, metanol verde, am\u00f4nia verde\u201d, detalhou Prates, se referindo a produtos ambientalmente mais sustent\u00e1veis.<\/p>\n<p>\u201c\u00c9 um plano de revitaliza\u00e7\u00e3o da Petrobras, que assegura n\u00e3o s\u00f3 o presente, como lan\u00e7a bases do futuro da companhia\u201d, completou Prates, lembrando que o plano quinquenal passa por revis\u00f5es anuais. \u201cA gente tem a possibilidade, evidentemente, de ir fazendo ajustes\u201d.<\/p>\n<p>O plano de investimentos \u00e9 da ordem de US$ 102 bilh\u00f5es, o equivalente a R$ 500 milh\u00f5es. Em compara\u00e7\u00e3o \u00e0 atua\u00e7\u00e3o estrat\u00e9gica da Petrobras em anos anteriores, as diretrizes aprovadas esta semana preveem a retomada de investimentos em refinarias.<\/p>\n<p>\u201cN\u00f3s n\u00e3o vamos mais vender refinarias. Pelo contr\u00e1rio, vamos investir nelas para que se tornem um parque industrial, cada uma delas\u201d, prometeu Prates.<\/p>\n<p>A Petrobras vai retomar tamb\u00e9m a produ\u00e7\u00e3o de fertilizantes. A companhia pretende reiniciar a opera\u00e7\u00e3o da Arauc\u00e1ria Nitrogenados (Ansa), no Paran\u00e1, parada desde 2020, e concluir as obras da Unidade de Fertilizantes Nitrogenados III (UFN III), em Tr\u00eas Lagoas, Mato grosso do Sul, paradas desde 2014. A previs\u00e3o \u00e9 que a Ansa volte a operar no 2\u00ba semestre de 2024.<\/p>\n<p>Al\u00e9m disso, a estatal busca parceria para manter em opera\u00e7\u00e3o as f\u00e1bricas de fertilizantes de Sergipe e Bahia, que est\u00e3o arrendadas para a Unigel. A inten\u00e7\u00e3o \u00e9 manter as plantas produzindo sob encomenda para a pr\u00f3pria estatal por at\u00e9 1 ano e, depois, buscar outra forma de funcionamento, seja uma joint venture ou incorpora\u00e7\u00e3o.<\/p>\n<p>\u201cEvidentemente, se voc\u00ea comparar projetos isolados, por exemplo, um po\u00e7o do pr\u00e9-sal com uma f\u00e1brica de fertilizantes, [a f\u00e1brica] n\u00e3o vai ter a mesma rentabilidade, mas n\u00e3o quer dizer que seja preju\u00edzo investir em fertilizantes\u201d, explicou.<\/p>\n<p>&#8220;A inten\u00e7\u00e3o \u00e9 entrar no fertilizante porque n\u00e3o s\u00f3 \u00e9 necess\u00e1rio para o Brasil porque a gente precisa ter alguma produ\u00e7\u00e3o dom\u00e9stica, mas, do ponto de vista comercial, faz sentido para n\u00f3s, dentro do t\u00fanel da transi\u00e7\u00e3o energ\u00e9tica, entrar no fertilizante de novo. \u00c9 da\u00ed que v\u00e3o nascer os novos produtos, a am\u00f4nia verde, os fertilizantes do futuro. A gente precisa estar no jogo&#8221;, justificou Prates.<\/p>\n<p>Margem equatorial<\/p>\n<p>Dentro dos US$ 102 bilh\u00f5es previstos no plano estrat\u00e9gico, US$ 7,5 bilh\u00f5es s\u00e3o para explora\u00e7\u00e3o de novos po\u00e7os de petr\u00f3leo no Brasil e no exterior. A Petrobras espera investir US$ 3,1 bilh\u00f5es na Margem Equatorial \u2013 \u00e1rea mar\u00edtima que se estende por mais de 2,2 quil\u00f4metros a partir da costa, desde o Amap\u00e1 at\u00e9 o Rio Grande do Norte.<\/p>\n<p>A estatal j\u00e1 tem autoriza\u00e7\u00e3o para fazer as primeiras atividades em parte da nova fronteira petrol\u00edfera. Mas depende de autoriza\u00e7\u00e3o do Ibama para atingir \u00e1reas tidas como muito promissoras.<\/p>\n<p>\u201cEstamos muito otimistas de que todos os esfor\u00e7os que n\u00f3s fizemos at\u00e9 ent\u00e3o, e qualquer outra exig\u00eancia t\u00e9cnica que seja vi\u00e1vel que venha ser feita, n\u00f3s buscaremos atender, porque entendemos que h\u00e1 uma importante riqueza a ser explorada\u201d, disse Joelson Mendes, diretor executivo de Explora\u00e7\u00e3o e Produ\u00e7\u00e3o da estatal.<\/p>\n<p>Argentina<\/p>\n<p>O presidente da Petrobras, Jean Paul Prates, comentou a situa\u00e7\u00e3o da Argentina, onde o presidente eleito no domingo (19), Javier Milei, anunciou que pretende vender a petroleira estatal YPF. Prates considera que o cen\u00e1rio \u201cainda est\u00e1 muito indefinido\u201d.<\/p>\n<p>\u201cN\u00e3o temos nenhuma an\u00e1lise em curso de aquisi\u00e7\u00e3o nem de investimento. \u00c9 claro que todo tipo de ativo, todo tipo de oportunidade a gente analisa\u201d, disse, acrescentando que \u201cn\u00e3o \u00e9 porque o presidente [eleito] anunciou a venda da YPF que a gente imediatamente vai se atirar para dizer que vai comprar alguma coisa ou n\u00e3o\u201d.<\/p>\n<p>Fonte: Portos e Navios<\/p>\n","protected":false},"excerpt":{"rendered":"<p>O plano estrat\u00e9gico de investimentos da Petrobras para o quinqu\u00eanio 2024-2028 prev\u00ea a cria\u00e7\u00e3o de 1,4 milh\u00e3o de empregos direitos e indiretos. Uma m\u00e9dia de&#8230;<\/p>\n","protected":false},"author":1527,"featured_media":48539,"comment_status":"closed","ping_status":"closed","sticky":false,"template":"","format":"standard","meta":{"footnotes":""},"categories":[6],"tags":[],"class_list":["post-48538","post","type-post","status-publish","format-standard","has-post-thumbnail","hentry","category-noticias"],"_links":{"self":[{"href":"https:\/\/www.sincomam.org.br\/index.php\/wp-json\/wp\/v2\/posts\/48538","targetHints":{"allow":["GET"]}}],"collection":[{"href":"https:\/\/www.sincomam.org.br\/index.php\/wp-json\/wp\/v2\/posts"}],"about":[{"href":"https:\/\/www.sincomam.org.br\/index.php\/wp-json\/wp\/v2\/types\/post"}],"author":[{"embeddable":true,"href":"https:\/\/www.sincomam.org.br\/index.php\/wp-json\/wp\/v2\/users\/1527"}],"replies":[{"embeddable":true,"href":"https:\/\/www.sincomam.org.br\/index.php\/wp-json\/wp\/v2\/comments?post=48538"}],"version-history":[{"count":1,"href":"https:\/\/www.sincomam.org.br\/index.php\/wp-json\/wp\/v2\/posts\/48538\/revisions"}],"predecessor-version":[{"id":48540,"href":"https:\/\/www.sincomam.org.br\/index.php\/wp-json\/wp\/v2\/posts\/48538\/revisions\/48540"}],"wp:featuredmedia":[{"embeddable":true,"href":"https:\/\/www.sincomam.org.br\/index.php\/wp-json\/wp\/v2\/media\/48539"}],"wp:attachment":[{"href":"https:\/\/www.sincomam.org.br\/index.php\/wp-json\/wp\/v2\/media?parent=48538"}],"wp:term":[{"taxonomy":"category","embeddable":true,"href":"https:\/\/www.sincomam.org.br\/index.php\/wp-json\/wp\/v2\/categories?post=48538"},{"taxonomy":"post_tag","embeddable":true,"href":"https:\/\/www.sincomam.org.br\/index.php\/wp-json\/wp\/v2\/tags?post=48538"}],"curies":[{"name":"wp","href":"https:\/\/api.w.org\/{rel}","templated":true}]}}