{"id":48524,"date":"2023-11-24T09:17:23","date_gmt":"2023-11-24T12:17:23","guid":{"rendered":"http:\/\/www.sincomam.org.br\/?p=48524"},"modified":"2023-11-24T09:17:23","modified_gmt":"2023-11-24T12:17:23","slug":"amazonia-azul-em-foco-natal-sedia-semana-dedicada-a-conscientizacao-e-economia-do-mar","status":"publish","type":"post","link":"https:\/\/www.sincomam.org.br\/index.php\/amazonia-azul-em-foco-natal-sedia-semana-dedicada-a-conscientizacao-e-economia-do-mar\/","title":{"rendered":"Amaz\u00f4nia Azul em Foco: Natal Sedia Semana Dedicada \u00e0 Conscientiza\u00e7\u00e3o e Economia do Mar"},"content":{"rendered":"<p>A Sociedade Amigos da Marinha em Natal (SOAMAR-Natal) organizou, de 13 a 19 de novembro, a primeira \u201cSemana Amaz\u00f4nia Azul e Economia do Mar\u201d em Natal-RN. O evento, apoiado pela Marinha do Brasil (MB), FIERN e UFRN, visou promover a conscientiza\u00e7\u00e3o sobre a import\u00e2ncia das \u00e1guas jurisdicionais brasileiras e seu potencial econ\u00f4mico. Um dos destaques foi o f\u00f3rum de debates realizado na FIERN, com pain\u00e9is sobre Mentalidade Mar\u00edtima, Clusters Tecnol\u00f3gicos Navais, estrutura portu\u00e1ria, e energias renov\u00e1veis. Contra-Almirante Ricardo Jaques Ferreira e Vice-Almirante Ed\u00e9sio Teixeira foram alguns dos palestrantes not\u00e1veis.<\/p>\n<p><strong>Diversidade de Atividades e Participa\u00e7\u00e3o Comunit\u00e1ria<\/strong><\/p>\n<p>Al\u00e9m dos debates, a programa\u00e7\u00e3o incluiu exposi\u00e7\u00f5es em shoppings, apresentando informa\u00e7\u00f5es sobre a Amaz\u00f4nia Azul e equipamentos da MB. A\u00e7\u00f5es como campanha de doa\u00e7\u00e3o de sangue no Hemonorte e passeios cicl\u00edsticos em Natal, promovidos em 15 e 19 de novembro, integraram a comunidade, ressaltando a import\u00e2ncia do tema.<\/p>\n<p><strong>Regata Alusiva \u00e0 Amaz\u00f4nia Azul<\/strong><\/p>\n<p>Um ponto alto foi a regata realizada em 18 de novembro, com largada no Iate Clube de Natal. As jovens velejadoras do Instituto \u201cNavegar\u201d, inspiradas por Martine Grael e Kahena Kunze, se destacaram na competi\u00e7\u00e3o, demonstrando o potencial feminino no esporte. O evento culminou com a premia\u00e7\u00e3o, enfatizando a import\u00e2ncia da inicia\u00e7\u00e3o mar\u00edtima para jovens.<\/p>\n<p><strong>Encerramento Musical<\/strong><\/p>\n<p>A Banda do Grupamento de Fuzileiros Navais de Natal fechou a semana com uma apresenta\u00e7\u00e3o no Partage Norte Shopping, encantando o p\u00fablico com um repert\u00f3rio diversificado.<\/p>\n<div class=\"td-g-rec td-g-rec-id-content_bottom tdi_4 td_block_template_11\">Fonte: Defesa em Foco<\/div>\n","protected":false},"excerpt":{"rendered":"<p>A Sociedade Amigos da Marinha em Natal (SOAMAR-Natal) organizou, de 13 a 19 de novembro, a primeira \u201cSemana Amaz\u00f4nia Azul e Economia do Mar\u201d em&#8230;<\/p>\n","protected":false},"author":1527,"featured_media":48525,"comment_status":"closed","ping_status":"closed","sticky":false,"template":"","format":"standard","meta":{"footnotes":""},"categories":[6],"tags":[],"class_list":["post-48524","post","type-post","status-publish","format-standard","has-post-thumbnail","hentry","category-noticias"],"_links":{"self":[{"href":"https:\/\/www.sincomam.org.br\/index.php\/wp-json\/wp\/v2\/posts\/48524","targetHints":{"allow":["GET"]}}],"collection":[{"href":"https:\/\/www.sincomam.org.br\/index.php\/wp-json\/wp\/v2\/posts"}],"about":[{"href":"https:\/\/www.sincomam.org.br\/index.php\/wp-json\/wp\/v2\/types\/post"}],"author":[{"embeddable":true,"href":"https:\/\/www.sincomam.org.br\/index.php\/wp-json\/wp\/v2\/users\/1527"}],"replies":[{"embeddable":true,"href":"https:\/\/www.sincomam.org.br\/index.php\/wp-json\/wp\/v2\/comments?post=48524"}],"version-history":[{"count":1,"href":"https:\/\/www.sincomam.org.br\/index.php\/wp-json\/wp\/v2\/posts\/48524\/revisions"}],"predecessor-version":[{"id":48526,"href":"https:\/\/www.sincomam.org.br\/index.php\/wp-json\/wp\/v2\/posts\/48524\/revisions\/48526"}],"wp:featuredmedia":[{"embeddable":true,"href":"https:\/\/www.sincomam.org.br\/index.php\/wp-json\/wp\/v2\/media\/48525"}],"wp:attachment":[{"href":"https:\/\/www.sincomam.org.br\/index.php\/wp-json\/wp\/v2\/media?parent=48524"}],"wp:term":[{"taxonomy":"category","embeddable":true,"href":"https:\/\/www.sincomam.org.br\/index.php\/wp-json\/wp\/v2\/categories?post=48524"},{"taxonomy":"post_tag","embeddable":true,"href":"https:\/\/www.sincomam.org.br\/index.php\/wp-json\/wp\/v2\/tags?post=48524"}],"curies":[{"name":"wp","href":"https:\/\/api.w.org\/{rel}","templated":true}]}}