{"id":48491,"date":"2023-11-23T01:17:16","date_gmt":"2023-11-23T04:17:16","guid":{"rendered":"http:\/\/www.sincomam.org.br\/?p=48491"},"modified":"2023-11-23T01:17:16","modified_gmt":"2023-11-23T04:17:16","slug":"antaq-autoriza-leilao-de-arrendamento-simplificado-no-porto-de-maceio","status":"publish","type":"post","link":"https:\/\/www.sincomam.org.br\/index.php\/antaq-autoriza-leilao-de-arrendamento-simplificado-no-porto-de-maceio\/","title":{"rendered":"Antaq autoriza leil\u00e3o de arrendamento simplificado no Porto de Macei\u00f3"},"content":{"rendered":"<p>A Ag\u00eancia Nacional de Transportes Aquavi\u00e1rios (Antaq) referendou a realiza\u00e7\u00e3o de leil\u00e3o de terminal na \u00e1rea do Porto Organizado de Macei\u00f3 (AL). A decis\u00e3o foi aprovada nesta quinta-feira (16).<\/p>\n<p>O MAC15 ser\u00e1 destinado \u00e0 movimenta\u00e7\u00e3o e armazenagem de gran\u00e9is s\u00f3lidos minerais, especialmente sal. O certame licitat\u00f3rio da \u00e1rea j\u00e1 havia sido aprovado ad referendum (quando o procedimento n\u00e3o pode aguardar a reuni\u00e3o de diretoria, sendo analisado em um momento posterior) no Di\u00e1rio Oficial da Uni\u00e3o (DOU) no fim de setembro.<\/p>\n<p>O terminal ser\u00e1 leiloado na forma de arrendamento simplificado. Nessa modalidade, regulamentada pelo Decreto 8.033\/2013, os arrendamentos prescindem de audi\u00eancia p\u00fablica e podem tamb\u00e9m ser dispensados da an\u00e1lise de m\u00e9rito pelo Tribunal de Contas da Uni\u00e3o (TCU), em raz\u00e3o do pequeno porte e do reduzido risco apresentado.<\/p>\n<p>Entre as caracter\u00edsticas do MAC 15, destaca-se que se trata de uma \u00e1rea brownfield de quase 42 mil m\u00b2. O valor global do contrato \u00e9 de R$ 318 milh\u00f5es com valor do arrendamento mensal fixo de R$ 336 mil em um tempo de contrato de 5 anos.<\/p>\n<p>Em seu voto, a relatora do processo, diretora Fl\u00e1via Takafashi, explicou qual o valor a ser desembolsado pela futura arrendat\u00e1ria para que a opera\u00e7\u00e3o aconte\u00e7a de forma produtiva.<\/p>\n<p>\u201cPara que o terminal permane\u00e7a em boas condi\u00e7\u00f5es operacionais durante o prazo contratual, estima-se que os valores a serem despendidos para a realiza\u00e7\u00e3o de novos investimentos alcancem a ordem de R$ 7,2 milh\u00f5es\u201d, disse.<\/p>\n<p>Fonte: Portos e Navios<\/p>\n","protected":false},"excerpt":{"rendered":"<p>A Ag\u00eancia Nacional de Transportes Aquavi\u00e1rios (Antaq) referendou a realiza\u00e7\u00e3o de leil\u00e3o de terminal na \u00e1rea do Porto Organizado de Macei\u00f3 (AL). A decis\u00e3o foi&#8230;<\/p>\n","protected":false},"author":1527,"featured_media":48492,"comment_status":"closed","ping_status":"closed","sticky":false,"template":"","format":"standard","meta":{"footnotes":""},"categories":[6],"tags":[],"class_list":["post-48491","post","type-post","status-publish","format-standard","has-post-thumbnail","hentry","category-noticias"],"_links":{"self":[{"href":"https:\/\/www.sincomam.org.br\/index.php\/wp-json\/wp\/v2\/posts\/48491","targetHints":{"allow":["GET"]}}],"collection":[{"href":"https:\/\/www.sincomam.org.br\/index.php\/wp-json\/wp\/v2\/posts"}],"about":[{"href":"https:\/\/www.sincomam.org.br\/index.php\/wp-json\/wp\/v2\/types\/post"}],"author":[{"embeddable":true,"href":"https:\/\/www.sincomam.org.br\/index.php\/wp-json\/wp\/v2\/users\/1527"}],"replies":[{"embeddable":true,"href":"https:\/\/www.sincomam.org.br\/index.php\/wp-json\/wp\/v2\/comments?post=48491"}],"version-history":[{"count":1,"href":"https:\/\/www.sincomam.org.br\/index.php\/wp-json\/wp\/v2\/posts\/48491\/revisions"}],"predecessor-version":[{"id":48493,"href":"https:\/\/www.sincomam.org.br\/index.php\/wp-json\/wp\/v2\/posts\/48491\/revisions\/48493"}],"wp:featuredmedia":[{"embeddable":true,"href":"https:\/\/www.sincomam.org.br\/index.php\/wp-json\/wp\/v2\/media\/48492"}],"wp:attachment":[{"href":"https:\/\/www.sincomam.org.br\/index.php\/wp-json\/wp\/v2\/media?parent=48491"}],"wp:term":[{"taxonomy":"category","embeddable":true,"href":"https:\/\/www.sincomam.org.br\/index.php\/wp-json\/wp\/v2\/categories?post=48491"},{"taxonomy":"post_tag","embeddable":true,"href":"https:\/\/www.sincomam.org.br\/index.php\/wp-json\/wp\/v2\/tags?post=48491"}],"curies":[{"name":"wp","href":"https:\/\/api.w.org\/{rel}","templated":true}]}}