{"id":48473,"date":"2023-11-22T08:26:19","date_gmt":"2023-11-22T11:26:19","guid":{"rendered":"http:\/\/www.sincomam.org.br\/?p=48473"},"modified":"2023-11-22T08:26:19","modified_gmt":"2023-11-22T11:26:19","slug":"israel-e-hamas-chegam-a-acordo-para-libertacao-de-refens-e-tregua","status":"publish","type":"post","link":"https:\/\/www.sincomam.org.br\/index.php\/israel-e-hamas-chegam-a-acordo-para-libertacao-de-refens-e-tregua\/","title":{"rendered":"Israel e Hamas chegam a acordo para liberta\u00e7\u00e3o de ref\u00e9ns e tr\u00e9gua"},"content":{"rendered":"<p>O governo de Israel e o Hamas concordaram, nesta\u00a0quarta-feira (22), com uma pausa de quatro dias nos combates para permitir a liberta\u00e7\u00e3o de 50 ref\u00e9ns mantidos em Gaza, em troca de 150 palestinos presos em Israel e a entrada de ajuda humanit\u00e1ria no enclave sitiado.<img decoding=\"async\" src=\"https:\/\/agenciabrasil.ebc.com.br\/ebc.png?id=1568210&amp;o=node\" \/><img decoding=\"async\" src=\"https:\/\/agenciabrasil.ebc.com.br\/ebc.gif?id=1568210&amp;o=node\" \/><\/p>\n<p>Autoridades do Catar, que t\u00eam mediado as negocia\u00e7\u00f5es, bem como dos Estados Unidos (EUA), de Israel e do Hamas, vinham dizendo h\u00e1 dias que um acordo era iminente.<\/p>\n<p>Acredita-se que o Hamas mantenha mais de 200 ref\u00e9ns, tomados quando seus combatentes invadiram Israel em 7 de outubro, matando 1.200 pessoas.<\/p>\n<p>Um comunicado do gabinete do primeiro-ministro israelense, Benjamin Netanyahu, informou\u00a0que 50 mulheres e crian\u00e7as ser\u00e3o libertadas em quatro dias, durante os quais haver\u00e1 uma pausa nos combates.<\/p>\n<p>Para cada dez\u00a0ref\u00e9ns adicionais libertados, a pausa seria estendida por mais um dia, disse, sem mencionar a liberta\u00e7\u00e3o de prisioneiros palestinos em troca.<\/p>\n<p>&#8220;O governo de Israel est\u00e1 empenhado em devolver todos os ref\u00e9ns para casa. Ele aprovou o acordo proposto como um primeiro est\u00e1gio para atingir esse objetivo&#8221;, disse o comunicado, divulgado ap\u00f3s horas de delibera\u00e7\u00e3o que foram fechadas \u00e0 imprensa.<\/p>\n<p>O Hamas disse que os 50 ref\u00e9ns ser\u00e3o\u00a0libertados em troca de 150 mulheres e menores palestinos que est\u00e3o\u00a0em pris\u00f5es israelenses. A tr\u00e9gua tamb\u00e9m permitir\u00e1 que centenas de caminh\u00f5es de ajuda humanit\u00e1ria, m\u00e9dica e de combust\u00edvel entrem em Gaza, disse o Hamas.<\/p>\n<p>Israel se comprometeu a n\u00e3o atacar ou prender ningu\u00e9m em todas as partes de Gaza durante o per\u00edodo de tr\u00e9gua, acrescentou.<\/p>\n<p>O acordo \u00e9 o\u00a0primeiro\u00a0de uma guerra em que os bombardeios israelenses arrasaram \u00e1reas da Faixa de Gaza governada pelo Hamas, mataram 13.300 civis no enclave densamente povoado e deixaram cerca de dois ter\u00e7os de seus 2,3 milh\u00f5es de habitantes desabrigados, de acordo com as autoridades de Gaza.<\/p>\n<p>Antes de se reunir com todo o seu governo, Netanyahu teve uma reuni\u00e3o nessa\u00a0ter\u00e7a-feira com os gabinetes de guerra e de seguran\u00e7a nacional para discutir o acordo.<\/p>\n<p>Antes do an\u00fancio da decis\u00e3o, Netanyahu afirmou\u00a0que a interven\u00e7\u00e3o do presidente dos EUA, Joe Biden, havia ajudado a melhorar o acordo provis\u00f3rio para que ele inclu\u00edsse mais ref\u00e9ns e menos concess\u00f5es. Acrescentou\u00a0que a miss\u00e3o mais ampla de Israel n\u00e3o mudou.<\/p>\n<p>&#8220;Estamos em guerra e continuaremos a guerra at\u00e9 atingirmos todos os nossos objetivos. Destruir o Hamas, devolver todos os nossos ref\u00e9ns e garantir que nenhuma entidade em Gaza possa amea\u00e7ar Israel&#8221;, disse ele em\u00a0mensagem gravada no in\u00edcio da reuni\u00e3o do governo.<\/p>\n<p>A m\u00eddia israelense informou\u00a0que a primeira liberta\u00e7\u00e3o de ref\u00e9ns est\u00e1\u00a0prevista para esta quinta-feira (23). A implementa\u00e7\u00e3o do acordo precisa esperar 24 horas para dar aos cidad\u00e3os israelenses a chance de pedir \u00e0 Suprema Corte que bloqueie a liberta\u00e7\u00e3o dos prisioneiros palestinos, segundo a m\u00eddia.<\/p>\n<p>At\u00e9 o momento, o Hamas libertou apenas quatro prisioneiros: as cidad\u00e3s norte-americanas Judith Raanan, de 59 anos, e sua filha, Natalie Raanan, de 17 anos, em 20 de outubro, citando &#8220;raz\u00f5es humanit\u00e1rias&#8221;, e as israelenses Nurit Cooper, de 79 anos, e Yocheved Lifshitz, de 85 anos, em 23 de outubro.<\/p>\n<p>Fonte: Ag\u00eancia Brasil<\/p>\n","protected":false},"excerpt":{"rendered":"<p>O governo de Israel e o Hamas concordaram, nesta\u00a0quarta-feira (22), com uma pausa de quatro dias nos combates para permitir a liberta\u00e7\u00e3o de 50 ref\u00e9ns&#8230;<\/p>\n","protected":false},"author":1527,"featured_media":48474,"comment_status":"closed","ping_status":"closed","sticky":false,"template":"","format":"standard","meta":{"footnotes":""},"categories":[6],"tags":[],"class_list":["post-48473","post","type-post","status-publish","format-standard","has-post-thumbnail","hentry","category-noticias"],"_links":{"self":[{"href":"https:\/\/www.sincomam.org.br\/index.php\/wp-json\/wp\/v2\/posts\/48473","targetHints":{"allow":["GET"]}}],"collection":[{"href":"https:\/\/www.sincomam.org.br\/index.php\/wp-json\/wp\/v2\/posts"}],"about":[{"href":"https:\/\/www.sincomam.org.br\/index.php\/wp-json\/wp\/v2\/types\/post"}],"author":[{"embeddable":true,"href":"https:\/\/www.sincomam.org.br\/index.php\/wp-json\/wp\/v2\/users\/1527"}],"replies":[{"embeddable":true,"href":"https:\/\/www.sincomam.org.br\/index.php\/wp-json\/wp\/v2\/comments?post=48473"}],"version-history":[{"count":1,"href":"https:\/\/www.sincomam.org.br\/index.php\/wp-json\/wp\/v2\/posts\/48473\/revisions"}],"predecessor-version":[{"id":48475,"href":"https:\/\/www.sincomam.org.br\/index.php\/wp-json\/wp\/v2\/posts\/48473\/revisions\/48475"}],"wp:featuredmedia":[{"embeddable":true,"href":"https:\/\/www.sincomam.org.br\/index.php\/wp-json\/wp\/v2\/media\/48474"}],"wp:attachment":[{"href":"https:\/\/www.sincomam.org.br\/index.php\/wp-json\/wp\/v2\/media?parent=48473"}],"wp:term":[{"taxonomy":"category","embeddable":true,"href":"https:\/\/www.sincomam.org.br\/index.php\/wp-json\/wp\/v2\/categories?post=48473"},{"taxonomy":"post_tag","embeddable":true,"href":"https:\/\/www.sincomam.org.br\/index.php\/wp-json\/wp\/v2\/tags?post=48473"}],"curies":[{"name":"wp","href":"https:\/\/api.w.org\/{rel}","templated":true}]}}