{"id":48454,"date":"2023-11-21T08:15:28","date_gmt":"2023-11-21T11:15:28","guid":{"rendered":"http:\/\/www.sincomam.org.br\/?p=48454"},"modified":"2023-11-21T08:15:28","modified_gmt":"2023-11-21T11:15:28","slug":"marinha-realiza-exercicios-em-area-estrategica-para-o-escoamento-da-producao-nacional-de-graos","status":"publish","type":"post","link":"https:\/\/www.sincomam.org.br\/index.php\/marinha-realiza-exercicios-em-area-estrategica-para-o-escoamento-da-producao-nacional-de-graos\/","title":{"rendered":"Marinha realiza exerc\u00edcios em \u00e1rea estrat\u00e9gica para o escoamento da produ\u00e7\u00e3o nacional de gr\u00e3os"},"content":{"rendered":"<p>Com cerca de 332 mil habitantes, Santar\u00e9m \u00e9 o principal centro financeiro, comercial e cultural do oeste do Par\u00e1. Sua Regi\u00e3o Metropolitana \u00e9 o segundo maior aglomerado urbano do estado. A rede hidrogr\u00e1fica formada pelos rios Amazonas, Tapaj\u00f3s, Arapiuns, Curu\u00e1-Una, Moju e Moju\u00ed desempenha importante papel na economia local. Por via fluvial, Santar\u00e9m est\u00e1 a 880 quil\u00f4metros de Bel\u00e9m (PA) e a 756 quil\u00f4metros de Manaus (AM).<\/p>\n<p>O Porto da cidade, inaugurado em 1974, tem voca\u00e7\u00e3o para operar com gran\u00e9is s\u00f3lidos, principalmente soja e milho. A soja \u00e9 exportada para China, Reino Unido, Holanda, Fran\u00e7a, Espanha, It\u00e1lia e, em menores volumes, para Ar\u00e1bia Saudita, Alemanha, Egito e Arg\u00e9lia. J\u00e1 o milho segue para pa\u00edses como Arg\u00e9lia, Egito e Rep\u00fablica Dominicana.<\/p>\n<p>Considerando o car\u00e1ter estrat\u00e9gico da regi\u00e3o, a Marinha do Brasil (MB) desenvolve, entre 6 e 21 de novembro, em Santar\u00e9m, a Opera\u00e7\u00e3o \u201cRibeirex\u201d. Os exerc\u00edcios envolvem 850 militares, operando em nove navios, dois Grupamentos Operativos de Fuzileiros Navais, duas aeronaves e lanchas de combate do Comando do 4\u00ba Distrito Naval, sediado em Bel\u00e9m, e do Comando do 9\u00ba Distrito Naval, sediado em Manaus.<\/p>\n<p>A opera\u00e7\u00e3o simula a retomada de uma \u00e1rea ao longo do rio Amazonas, ocupada por uma organiza\u00e7\u00e3o paramilitar de um pa\u00eds fict\u00edcio. Os militares envolvidos t\u00eam a miss\u00e3o de localizar e neutralizar as bases inimigas e promover o controle do tr\u00e1fego fluvial na regi\u00e3o do conflito. \u201cCom essa Opera\u00e7\u00e3o a Marinha do Brasil refor\u00e7a o seu compromisso com a defesa da Amaz\u00f4nia e o cuidado com a nossa gente, em especial, com as comunidades ribeirinhas\u201d, afirma o Vice-Almirante Ant\u00f4nio Capistrano de Freitas Filho, Comandante do 4\u00ba Distrito Naval.<\/p>\n<p><strong>Atendimentos m\u00e9dico-odontol\u00f3gicos para ribeirinhos<\/strong><\/p>\n<p>M\u00e9dicos e cirurgi\u00f5es-dentistas do Corpo de Sa\u00fade da Marinha, envolvidos na Opera\u00e7\u00e3o \u201cRibeirex\u201d, atenderam 609 moradores de comunidades ribeirinhas, ao longo do rio Amazonas, em Santar\u00e9m, e na Comunidade de Guajar\u00e1, no munic\u00edpio de \u00d3bidos. Foram realizados 5.034 procedimentos e entregues mais de 11 mil medicamentos, gratuitamente, \u00e0 popula\u00e7\u00e3o.<\/p>\n<p><strong>Meios navais e aeronavais engajados na \u201cRibeirex\u201d<\/strong><\/p>\n<p>Do Comando do 4\u00ba Distrito Naval:<\/p>\n<p>Navio-Auxiliar (NA) \u201cPar\u00e1\u201d: incorporado \u00e0 MB em 19 de janeiro de 2005, o NA \u201cPar\u00e1\u201d \u00e9 subordinado ao Comando do Grupamento de Patrulha Naval do Norte e atua nos rios da Amaz\u00f4nia, a partir da Base Naval de Val de C\u00e3es, em Bel\u00e9m. O navio \u00e9 equipado para a realiza\u00e7\u00e3o de atendimentos em sa\u00fade \u2013 com sala de mamografia, centro de triagem, centro de testes r\u00e1pidos, consult\u00f3rio m\u00e9dico e odontol\u00f3gico, sala de exames de imagem e farm\u00e1cia para distribui\u00e7\u00e3o gratuita de medicamentos.<\/p>\n<p>Navio-Patrulha \u201cBracu\u00ed\u201d: foi incorporado \u00e0 MB em 8 de abril de 1998. \u00c9 equipado com um canh\u00e3o Bofors Mk 3 de 40mm e duas metralhadoras.<\/p>\n<p>Navio-Patrulha \u201cBocaina\u201d: incorporado \u00e0 Marinha do Brasil em 10 de julho de 1998, o \u201cBocaina\u201d \u00e9 equipado com um canh\u00e3o de 40 mm e duas metralhadoras.<\/p>\n<p>Navio-Patrulha \u201cPampeiro\u201d: incorporado em 16 de junho de 1971, \u00e9 equipado com tr\u00eas metralhadoras .50 pol. (12.7mm), em um reparo singelo e um geminado; e um morteiro de 81mm, acoplado ao reparo de .50 da proa.<\/p>\n<p>Aeronave UH-15 Super Cougar: helic\u00f3ptero multimiss\u00e3o empregado em tarefas de apoio de opera\u00e7\u00f5es especiais, opera\u00e7\u00f5es terrestres de car\u00e1ter naval, al\u00e9m de atividades benignas e de emprego limitado da for\u00e7a, tais como evacua\u00e7\u00e3o aerom\u00e9dica, busca e salvamento, log\u00edstica e combate a inc\u00eandios.<\/p>\n<p>Do Comando do 9\u00ba Distrito Naval:<\/p>\n<p>Navio de Assist\u00eancia Hospitalar \u201cOswaldo Cruz\u201d: constru\u00eddo pelo Arsenal de Marinha do Rio de Janeiro, foi incorporado \u00e0 For\u00e7a em 29 de maio de 1984. Possui dois ambulat\u00f3rios, dois gabinetes odontol\u00f3gicos, laborat\u00f3rio, farm\u00e1cia, sala de raio X, duas enfermarias e sala de cirurgia.<\/p>\n<p>Navio de Assist\u00eancia Hospitalar \u201cSoares de Meirelles\u201d: possui consult\u00f3rios m\u00e9dicos, odontol\u00f3gicos, farm\u00e1cia, sala de vacina\u00e7\u00e3o, sala de raio-X, centro cir\u00fargico, enfermaria e laborat\u00f3rio de an\u00e1lises cl\u00ednicas.<\/p>\n<p>Navio-Patrulha Fluvial \u201cRoraima\u201d, \u201cRond\u00f4nia\u201d e \u201cAmap\u00e1: os Navios-Patrulha da classe \u201cRoraima\u201d realizam patrulhas fluviais na Bacia Amaz\u00f4nica, opera\u00e7\u00f5es em rios e a\u00e7\u00f5es de apoio \u00e0s popula\u00e7\u00f5es ribeirinhas, aumentando a presen\u00e7a da Marinha nas fronteiras e na fiscaliza\u00e7\u00e3o dos rios.<\/p>\n<p>Duas aeronaves UH-12 Esquilo: esses helic\u00f3pteros cumprem miss\u00f5es de esclarecimento visual; apoio aerot\u00e1tico; apoio \u00e0s opera\u00e7\u00f5es especiais; transfer\u00eancia de pessoal ou carga (pick-up); reabastecimento vertical de carga (vertrep); evacua\u00e7\u00e3o aerom\u00e9dica; busca e salvamento; inspe\u00e7\u00e3o naval; transporte de pessoal e material; espotagem de tiro; observa\u00e7\u00e3o de tiro torp\u00e9dico; calibragem de radares; e combate a inc\u00eandio com equipamento &#8220;bambi bucket&#8221;.<\/p>\n<p class=\"rtecenter\">Fonte: Ag\u00eancia Marinha de Not\u00edcias<\/p>\n","protected":false},"excerpt":{"rendered":"<p>Com cerca de 332 mil habitantes, Santar\u00e9m \u00e9 o principal centro financeiro, comercial e cultural do oeste do Par\u00e1. Sua Regi\u00e3o Metropolitana \u00e9 o segundo&#8230;<\/p>\n","protected":false},"author":1527,"featured_media":48455,"comment_status":"closed","ping_status":"closed","sticky":false,"template":"","format":"standard","meta":{"footnotes":""},"categories":[6],"tags":[],"class_list":["post-48454","post","type-post","status-publish","format-standard","has-post-thumbnail","hentry","category-noticias"],"_links":{"self":[{"href":"https:\/\/www.sincomam.org.br\/index.php\/wp-json\/wp\/v2\/posts\/48454","targetHints":{"allow":["GET"]}}],"collection":[{"href":"https:\/\/www.sincomam.org.br\/index.php\/wp-json\/wp\/v2\/posts"}],"about":[{"href":"https:\/\/www.sincomam.org.br\/index.php\/wp-json\/wp\/v2\/types\/post"}],"author":[{"embeddable":true,"href":"https:\/\/www.sincomam.org.br\/index.php\/wp-json\/wp\/v2\/users\/1527"}],"replies":[{"embeddable":true,"href":"https:\/\/www.sincomam.org.br\/index.php\/wp-json\/wp\/v2\/comments?post=48454"}],"version-history":[{"count":1,"href":"https:\/\/www.sincomam.org.br\/index.php\/wp-json\/wp\/v2\/posts\/48454\/revisions"}],"predecessor-version":[{"id":48456,"href":"https:\/\/www.sincomam.org.br\/index.php\/wp-json\/wp\/v2\/posts\/48454\/revisions\/48456"}],"wp:featuredmedia":[{"embeddable":true,"href":"https:\/\/www.sincomam.org.br\/index.php\/wp-json\/wp\/v2\/media\/48455"}],"wp:attachment":[{"href":"https:\/\/www.sincomam.org.br\/index.php\/wp-json\/wp\/v2\/media?parent=48454"}],"wp:term":[{"taxonomy":"category","embeddable":true,"href":"https:\/\/www.sincomam.org.br\/index.php\/wp-json\/wp\/v2\/categories?post=48454"},{"taxonomy":"post_tag","embeddable":true,"href":"https:\/\/www.sincomam.org.br\/index.php\/wp-json\/wp\/v2\/tags?post=48454"}],"curies":[{"name":"wp","href":"https:\/\/api.w.org\/{rel}","templated":true}]}}