{"id":48436,"date":"2023-11-17T08:36:55","date_gmt":"2023-11-17T11:36:55","guid":{"rendered":"http:\/\/www.sincomam.org.br\/?p=48436"},"modified":"2023-11-17T08:36:55","modified_gmt":"2023-11-17T11:36:55","slug":"ons-aciona-usinas-termicas-apos-aumento-na-demanda-de-energia-causada-pelo-calor-especialista-alerta-sobre-gastos-e-poluicao","status":"publish","type":"post","link":"https:\/\/www.sincomam.org.br\/index.php\/ons-aciona-usinas-termicas-apos-aumento-na-demanda-de-energia-causada-pelo-calor-especialista-alerta-sobre-gastos-e-poluicao\/","title":{"rendered":"ONS aciona usinas t\u00e9rmicas ap\u00f3s aumento na demanda de energia causada pelo calor; especialista alerta sobre gastos e polui\u00e7\u00e3o"},"content":{"rendered":"<div id=\"chunk-9773k\">\n<div class=\"mc-column content-text active-extra-styles \" data-block-type=\"unstyled\" data-block-weight=\"62\" data-block-id=\"3\">\n<p class=\" content-text__container \" data-track-category=\"Link no Texto\" data-track-links=\"\">Um efeito da atual onda de calor \u00e9 o\u00a0aumento do consumo de energia.\u00a0O Operador Nacional do Sistema El\u00e9trico acionou as usinas t\u00e9rmicas\u00a0&#8211; das quais a gente est\u00e1 acostumado a ouvir falar quando os reservat\u00f3rios das hidrel\u00e9tricas est\u00e3o em baixa, o que n\u00e3o \u00e9 o caso agora. Desta vez, as t\u00e9rmicas entraram em cena por causa do aumento da demanda.<\/p>\n<\/div>\n<\/div>\n<div class=\"wall protected-content\">\n<div id=\"chunk-5lvdp\">\n<div class=\"mc-column content-text active-extra-styles \" data-block-type=\"unstyled\" data-block-weight=\"50\" data-block-id=\"5\">\n<p class=\" content-text__container \" data-track-category=\"Link no Texto\" data-track-links=\"\">A produ\u00e7\u00e3o das usinas t\u00e9rmicas vinha mantendo um padr\u00e3o m\u00e9dio em torno de 7 mil mega watts por dia. Na \u00faltima segunda-feira (13), em que houve o recorde na demanda, a produ\u00e7\u00e3o das t\u00e9rmicas come\u00e7ou a subir. E de l\u00e1 pra c\u00e1 j\u00e1 aumentou\u00a063%.\u00a0Veja no gr\u00e1fico abaixo.<\/p>\n<\/div>\n<\/div>\n<div id=\"chunk-5j4db\">\n<div class=\"content-ads content-ads--reveal\" data-block-type=\"ads\" data-block-id=\"6\">\n<div id=\"banner_materia2\" class=\"tag-manager-publicidade-container mc-has-reveal mc-has-ad-lazyload tag-manager-publicidade-banner_materia2 tag-manager-publicidade-container--carregado tag-manager-publicidade-container--visivel\" data-id=\"banner_materia2\" data-google-query-id=\"CL3O1LT4yoIDFc5T3QIdHssHCA\">\n<div id=\"chunk-69ai\">\n<div class=\"mc-column content-text active-extra-styles\" data-block-type=\"raw\" data-block-weight=\"5\" data-block-id=\"8\">\n<div class=\"content-intertitle\">\n<h2>Mais caras e mais poluentes<\/h2>\n<\/div>\n<p>Tiago de Barros Correia, foi diretor da Aneel, Ag\u00eancia Nacional de Energia El\u00e9trica, e \u00e9 especialista em regula\u00e7\u00e3o de infra-estrutura e energia. Ele explicou que o problema n\u00e3o est\u00e1 na produ\u00e7\u00e3o e sim na distribui\u00e7\u00e3o dessa energia e numa situa\u00e7\u00e3o como a de agora com de alta demanda, causada pelo calor, foi necess\u00e1rio acionar as termoel\u00e9tricas,\u00a0<span class=\"highlight highlighted\">mesmo sendo mais caras e mais poluentes, j\u00e1 que elas conseguem dar uma resposta mais r\u00e1pida.<\/span><\/p>\n<\/div>\n<\/div>\n<div id=\"chunk-1l9f0\">\n<div class=\"mc-column content-text active-extra-styles \" data-block-type=\"unstyled\" data-block-weight=\"68\" data-block-id=\"10\">\n<p class=\" content-text__container \" data-track-category=\"Link no Texto\" data-track-links=\"\">&#8220;O que a gente tinha visto no passado era a termoel\u00e9trica entrando por falta de chuva, ent\u00e3o ela entrava para fazer essa compensa\u00e7\u00e3o do regime hidrol\u00f3gico; os reservat\u00f3rios estavam baixos. Isso n\u00e3o \u00e9 o que est\u00e1 acontecendo hoje, os reservat\u00f3rios est\u00e3o cheios, mas a gente precisa de ajuda para atender essa demanda de ponta&#8221;, destaca Tiago de Barros Correia, Diretor da Reg E Consultoria e ex-diretor da Aneel.<\/p>\n<\/div>\n<\/div>\n<div id=\"chunk-fmeir\">\n<div class=\"content-ads content-ads--reveal\" data-block-type=\"ads\" data-block-id=\"11\">\n<div id=\"banner_materia__bb371bfd-4ff8-4077-8f22-175d62208745\" class=\"tag-manager-publicidade-container mc-has-reveal mc-has-ad-lazyload tag-manager-publicidade-banner_materia__bb371bfd-4ff8-4077-8f22-175d62208745 tag-manager-publicidade-container--carregado tag-manager-publicidade-container--visivel\" data-id=\"banner_materia__bb371bfd-4ff8-4077-8f22-175d62208745\" data-google-query-id=\"CN_Kvrj4yoIDFd9F3QIdhT4GoA\">\n<div id=\"chunk-m5cv\">\n<div class=\"mc-column content-text active-extra-styles \" data-block-type=\"unstyled\" data-block-weight=\"35\" data-block-id=\"12\">\n<p class=\" content-text__container \" data-track-category=\"Link no Texto\" data-track-links=\"\"><span class=\"highlight highlighted\">A energia gerada pelas termoel\u00e9tricas \u00e9 mais cara por causa do custo dos combust\u00edveis f\u00f3sseis, como por exemplo o g\u00e1s natural<\/span>. Com o conflito no Oriente M\u00e9dio, os derivados do petr\u00f3leo subiram de pre\u00e7o.<\/p>\n<\/div>\n<\/div>\n<div id=\"chunk-1f6rm\">\n<div class=\"mc-column content-text active-extra-styles \" data-block-type=\"unstyled\" data-block-weight=\"23\" data-block-id=\"13\">\n<p class=\" content-text__container \" data-track-category=\"Link no Texto\" data-track-links=\"\">Diante desse cen\u00e1rio, para o especialista, \u00e9 cada vez mais importante fazer investimentos em redes de transmiss\u00e3o com maior capacidade de escoamento.<\/p>\n<\/div>\n<\/div>\n<div id=\"chunk-63oln\">\n<div class=\"mc-column content-text active-extra-styles \" data-block-type=\"unstyled\" data-block-weight=\"81\" data-block-id=\"14\">\n<p class=\" content-text__container \" data-track-category=\"Link no Texto\" data-track-links=\"\">&#8220;O maior problema hoje \u00e9 que existe at\u00e9 um excesso de gera\u00e7\u00e3o e que a gente n\u00e3o consegue acomodar. Ent\u00e3o o correto numa situa\u00e7\u00e3o normal era a gente aproveitar a energia gerada pelo sol e pelo vento e fazer armazenamento de \u00e1gua nos reservat\u00f3rios e guardar a termoel\u00e9trica, mas no contexto atual de hoje a gente tem que desperdi\u00e7ar um pouco de vento de sol n\u00e3o consegue escoar pela rede&#8221;, ressalta o diretor da Reg E Consultoria e ex-diretor da Aneel.<\/p>\n<div id=\"chunk-a8qbp\">\n<div class=\"mc-column content-text active-extra-styles \" data-block-type=\"unstyled\" data-block-weight=\"5\" data-block-id=\"18\">\n<p class=\" content-text__container \" data-track-category=\"Link no Texto\" data-track-links=\"\"><strong>O que diz a Aneel<\/strong><\/p>\n<\/div>\n<\/div>\n<div id=\"chunk-1eehs\">\n<div class=\"mc-column content-text active-extra-styles \" data-block-type=\"unstyled\" data-block-weight=\"50\" data-block-id=\"19\">\n<p class=\" content-text__container \" data-track-category=\"Link no Texto\" data-track-links=\"\">A Ag\u00eancia Nacional de Energia El\u00e9trica &#8211; ANEEL informou que tem mantido amplo di\u00e1logo com o Minist\u00e9rio de Minas e Energia, distribuidoras e prefeitos dos munic\u00edpios atingidos, e o objetivo \u00e9 definir protocolos pra melhorar as respostas aos eventos clim\u00e1ticos severos, aprimorando os planos de preven\u00e7\u00e3o e redu\u00e7\u00e3o de danos.<\/p>\n<p data-track-category=\"Link no Texto\" data-track-links=\"\">Fonte: G1<\/p>\n<\/div>\n<\/div>\n<\/div>\n<\/div>\n<\/div>\n<\/div>\n<\/div>\n<\/div>\n<\/div>\n<\/div>\n<\/div>\n","protected":false},"excerpt":{"rendered":"<p>Um efeito da atual onda de calor \u00e9 o\u00a0aumento do consumo de energia.\u00a0O Operador Nacional do Sistema El\u00e9trico acionou as usinas t\u00e9rmicas\u00a0&#8211; das quais a&#8230;<\/p>\n","protected":false},"author":1527,"featured_media":48437,"comment_status":"closed","ping_status":"closed","sticky":false,"template":"","format":"standard","meta":{"footnotes":""},"categories":[6],"tags":[],"class_list":["post-48436","post","type-post","status-publish","format-standard","has-post-thumbnail","hentry","category-noticias"],"_links":{"self":[{"href":"https:\/\/www.sincomam.org.br\/index.php\/wp-json\/wp\/v2\/posts\/48436","targetHints":{"allow":["GET"]}}],"collection":[{"href":"https:\/\/www.sincomam.org.br\/index.php\/wp-json\/wp\/v2\/posts"}],"about":[{"href":"https:\/\/www.sincomam.org.br\/index.php\/wp-json\/wp\/v2\/types\/post"}],"author":[{"embeddable":true,"href":"https:\/\/www.sincomam.org.br\/index.php\/wp-json\/wp\/v2\/users\/1527"}],"replies":[{"embeddable":true,"href":"https:\/\/www.sincomam.org.br\/index.php\/wp-json\/wp\/v2\/comments?post=48436"}],"version-history":[{"count":1,"href":"https:\/\/www.sincomam.org.br\/index.php\/wp-json\/wp\/v2\/posts\/48436\/revisions"}],"predecessor-version":[{"id":48438,"href":"https:\/\/www.sincomam.org.br\/index.php\/wp-json\/wp\/v2\/posts\/48436\/revisions\/48438"}],"wp:featuredmedia":[{"embeddable":true,"href":"https:\/\/www.sincomam.org.br\/index.php\/wp-json\/wp\/v2\/media\/48437"}],"wp:attachment":[{"href":"https:\/\/www.sincomam.org.br\/index.php\/wp-json\/wp\/v2\/media?parent=48436"}],"wp:term":[{"taxonomy":"category","embeddable":true,"href":"https:\/\/www.sincomam.org.br\/index.php\/wp-json\/wp\/v2\/categories?post=48436"},{"taxonomy":"post_tag","embeddable":true,"href":"https:\/\/www.sincomam.org.br\/index.php\/wp-json\/wp\/v2\/tags?post=48436"}],"curies":[{"name":"wp","href":"https:\/\/api.w.org\/{rel}","templated":true}]}}