{"id":48429,"date":"2023-11-17T08:14:15","date_gmt":"2023-11-17T11:14:15","guid":{"rendered":"http:\/\/www.sincomam.org.br\/?p=48429"},"modified":"2023-11-17T08:14:15","modified_gmt":"2023-11-17T11:14:15","slug":"porto-de-paranagua-aumenta-profundidade-do-canal-em-mais-cinco-bercos-2","status":"publish","type":"post","link":"https:\/\/www.sincomam.org.br\/index.php\/porto-de-paranagua-aumenta-profundidade-do-canal-em-mais-cinco-bercos-2\/","title":{"rendered":"PORTO DE PARANAGU\u00c1 AUMENTA PROFUNDIDADE DO CANAL EM MAIS CINCO BER\u00c7OS"},"content":{"rendered":"<p>A Portos do Paran\u00e1, empresa p\u00fablica do Governo do Estado do Paran\u00e1, vai aumentar o calado operacional dos navios em cinco ber\u00e7os do Porto de Paranagu\u00e1, sendo eles 201, 202, 204, 209 e 211. O aumento ocorre devido a \u00faltima campanha de dragagem. A mudan\u00e7a foi homologada pela Capitania dos Portos do Paran\u00e1 (CPPR) e amplia a capacidade operacional dos terminais paranaenses.<\/p>\n<p>O calado \u00e9 a profundidade entre o ponto mais baixo da quilha de uma embarca\u00e7\u00e3o e a linha d\u2019agua. Com essa nova altera\u00e7\u00e3o, essa dist\u00e2ncia passa de 12,5 metros para 12,8 metros no Corredor de Exporta\u00e7\u00e3o Oeste, Carga Geral, e nos ber\u00e7os de fertilizantes.<\/p>\n<p>\u201cNo ano passado aumentamos o calado de navega\u00e7\u00e3o no canal de acesso ao Porto de Paranagu\u00e1 e de opera\u00e7\u00e3o nos ber\u00e7os de atraca\u00e7\u00e3o do Corredor de Exporta\u00e7\u00e3o Leste. Neste ano, ap\u00f3s a \u00faltima campanha de dragagem, e discuss\u00f5es t\u00e9cnicas no \u00e2mbito do Grupo de Trabalho de ganhos operacionais da Portos do Paran\u00e1, composto tamb\u00e9m pela Capitania dos Portos do Paran\u00e1 e 17\u00aa Zona de Praticagem, estamos aumentando o calado m\u00e1ximo operacional dos ber\u00e7os, o que implicar\u00e1 no aumento da movimenta\u00e7\u00e3o de cargas gerais, fertilizantes, soja, farelo, milho e a\u00e7\u00facar\u201d, explicou Victor Kengo, diretor de Engenharia e Manuten\u00e7\u00e3o da Portos do Paran\u00e1.<\/p>\n<p>A amplia\u00e7\u00e3o do calado tem impacto direto na capacidade de embarque, garantindo maior competitividade no mercado internacional. Em m\u00e9dia, cada metro de calado operacional significa cerca de 7 mil toneladas a mais de gran\u00e9is movimentados. O ganho operacional estimado \u00e9 de 2,1 mil toneladas a mais de carga, por navio. Ou seja, a principio, mais de 378 mil toneladas no ano, para uma m\u00e9dia de 180 navios.<\/p>\n<p>CORREDOR OESTE \u2013 O sistema de embarque de gran\u00e9is pelo Corredor de Exporta\u00e7\u00e3o Oeste em Paranagu\u00e1 foi respons\u00e1vel por movimentar mais de 5% de todas as cargas nos portos do Paran\u00e1, que chegaram a quase 3 milh\u00f5es de toneladas, em 2023.<\/p>\n<p>\u201cDesde o in\u00edcio da atual gest\u00e3o voltamos nossos olhares para o lado Oeste, que era pouco explorado e que hoje identificamos como a nova fronteira e ser explorada. Nosso objetivo \u00e9 desenvolver cada vez mais essa ponta da faixa portu\u00e1ria para atender a demanda do mercado e gerar emprego e mais renda para a regi\u00e3o\u201d, afirmou Luiz Fernando Garcia, diretor-presidente da Portos do Paran\u00e1.<\/p>\n<p>Fonte: Informativo dos Portos<\/p>\n","protected":false},"excerpt":{"rendered":"<p>A Portos do Paran\u00e1, empresa p\u00fablica do Governo do Estado do Paran\u00e1, vai aumentar o calado operacional dos navios em cinco ber\u00e7os do Porto de&#8230;<\/p>\n","protected":false},"author":1527,"featured_media":48430,"comment_status":"closed","ping_status":"closed","sticky":false,"template":"","format":"standard","meta":{"footnotes":""},"categories":[6],"tags":[],"class_list":["post-48429","post","type-post","status-publish","format-standard","has-post-thumbnail","hentry","category-noticias"],"_links":{"self":[{"href":"https:\/\/www.sincomam.org.br\/index.php\/wp-json\/wp\/v2\/posts\/48429","targetHints":{"allow":["GET"]}}],"collection":[{"href":"https:\/\/www.sincomam.org.br\/index.php\/wp-json\/wp\/v2\/posts"}],"about":[{"href":"https:\/\/www.sincomam.org.br\/index.php\/wp-json\/wp\/v2\/types\/post"}],"author":[{"embeddable":true,"href":"https:\/\/www.sincomam.org.br\/index.php\/wp-json\/wp\/v2\/users\/1527"}],"replies":[{"embeddable":true,"href":"https:\/\/www.sincomam.org.br\/index.php\/wp-json\/wp\/v2\/comments?post=48429"}],"version-history":[{"count":1,"href":"https:\/\/www.sincomam.org.br\/index.php\/wp-json\/wp\/v2\/posts\/48429\/revisions"}],"predecessor-version":[{"id":48431,"href":"https:\/\/www.sincomam.org.br\/index.php\/wp-json\/wp\/v2\/posts\/48429\/revisions\/48431"}],"wp:featuredmedia":[{"embeddable":true,"href":"https:\/\/www.sincomam.org.br\/index.php\/wp-json\/wp\/v2\/media\/48430"}],"wp:attachment":[{"href":"https:\/\/www.sincomam.org.br\/index.php\/wp-json\/wp\/v2\/media?parent=48429"}],"wp:term":[{"taxonomy":"category","embeddable":true,"href":"https:\/\/www.sincomam.org.br\/index.php\/wp-json\/wp\/v2\/categories?post=48429"},{"taxonomy":"post_tag","embeddable":true,"href":"https:\/\/www.sincomam.org.br\/index.php\/wp-json\/wp\/v2\/tags?post=48429"}],"curies":[{"name":"wp","href":"https:\/\/api.w.org\/{rel}","templated":true}]}}