{"id":48425,"date":"2023-11-17T08:11:58","date_gmt":"2023-11-17T11:11:58","guid":{"rendered":"http:\/\/www.sincomam.org.br\/?p=48425"},"modified":"2023-11-17T08:11:58","modified_gmt":"2023-11-17T11:11:58","slug":"porto-do-acu-inaugura-rota-regular-de-cabotagem-com-operacao-para-sal-cisne","status":"publish","type":"post","link":"https:\/\/www.sincomam.org.br\/index.php\/porto-do-acu-inaugura-rota-regular-de-cabotagem-com-operacao-para-sal-cisne\/","title":{"rendered":"Porto do A\u00e7u inaugura rota regular de cabotagem com opera\u00e7\u00e3o para Sal Cisne"},"content":{"rendered":"<p>O Porto do A\u00e7u inaugurou uma nova rota de cabotagem, com servi\u00e7o regular entre Rio Grande do Norte e Rio de Janeiro. A opera\u00e7\u00e3o foi realizada pelo Terminal Multicargas (T-Mult). Este \u00e9 o segundo acordo celebrado com o cliente Refinaria Nacional de Sal, produtora do Sal Cisne, consolidando o modal como alternativa ao transporte de cargas entre as regi\u00f5es Nordeste e Sudeste.<\/p>\n<p>A primeira movimenta\u00e7\u00e3o, em fevereiro deste ano, envolveu um volume de 70 mil toneladas, consolidando a estrat\u00e9gia do A\u00e7u na explora\u00e7\u00e3o da rota mar\u00edtima no trecho e a recente amplia\u00e7\u00e3o do Terminal T-Mult, com mais dois novos armaz\u00e9ns cobertos para cargas especiais. Neste segundo contrato est\u00e1 sendo considerado um volume estimado de 120 mil toneladas at\u00e9 2024.<\/p>\n<p>\u201cPara o Porto do A\u00e7u, este contrato de longo prazo com a refinaria refor\u00e7a uma nova rota para cabotagem de produtos destinados \u00e0 ind\u00fastria aliment\u00edcia. A modalidade j\u00e1 foi testada em dois embarques pelo T-Mult, em fevereiro e junho deste ano. Este contrato est\u00e1 em linha com nossa meta de garantir mais op\u00e7\u00f5es desse modal para os clientes do Porto do A\u00e7u em 2024, melhorando ainda mais nossa conectividade\u201d, disse Jo\u00e3o Braz, diretor de Terminais e Log\u00edstica do Porto do A\u00e7u.<\/p>\n<p>A Refinaria Nacional de Sal \u00e9 uma empresa que h\u00e1 mais de 70 anos leva seus produtos \u00e0s mesas brasileiras, al\u00e9m de comercializar tamb\u00e9m para ind\u00fastria. Em sua opera\u00e7\u00e3o, o cliente j\u00e1 utiliza a log\u00edstica de cabotagem para transportar o produto do Nordeste para a f\u00e1brica instalada na cidade de Cabo Frio, de onde abastece todo o mercado nacional e o exterior.<\/p>\n<p>\u201cPara a Refinaria Nacional de Sal, a parceria com o Porto do A\u00e7u eleva o patamar dos n\u00edveis de servi\u00e7os alinhados com a expectativa da alta dire\u00e7\u00e3o. Apostamos nesta parceria para ganhos de produtividade e qualidade na cadeia do sal e garantir o n\u00edvel de excel\u00eancia esperado pelo grupo\u201d, pontua o gerente de Suprimentos e Log\u00edstica da empresa, Ricardo Brinchi.<\/p>\n<p>A opera\u00e7\u00e3o via cabotagem e a armazenagem do produto foram viabilizadas pela quadruplica\u00e7\u00e3o da capacidade est\u00e1tica de armazenagem e alfandeg\u00e1ria do terminal de cargas do A\u00e7u. O T-Mult \u00e9 capaz de movimentar gran\u00e9is s\u00f3lidos, carga de projeto e break bulk, cont\u00eaineres e ve\u00edculos ro\/ro.<\/p>\n<p>Fonte: Portos e Navios<\/p>\n","protected":false},"excerpt":{"rendered":"<p>O Porto do A\u00e7u inaugurou uma nova rota de cabotagem, com servi\u00e7o regular entre Rio Grande do Norte e Rio de Janeiro. A opera\u00e7\u00e3o foi&#8230;<\/p>\n","protected":false},"author":1527,"featured_media":48427,"comment_status":"closed","ping_status":"closed","sticky":false,"template":"","format":"standard","meta":{"footnotes":""},"categories":[6],"tags":[],"class_list":["post-48425","post","type-post","status-publish","format-standard","has-post-thumbnail","hentry","category-noticias"],"_links":{"self":[{"href":"https:\/\/www.sincomam.org.br\/index.php\/wp-json\/wp\/v2\/posts\/48425","targetHints":{"allow":["GET"]}}],"collection":[{"href":"https:\/\/www.sincomam.org.br\/index.php\/wp-json\/wp\/v2\/posts"}],"about":[{"href":"https:\/\/www.sincomam.org.br\/index.php\/wp-json\/wp\/v2\/types\/post"}],"author":[{"embeddable":true,"href":"https:\/\/www.sincomam.org.br\/index.php\/wp-json\/wp\/v2\/users\/1527"}],"replies":[{"embeddable":true,"href":"https:\/\/www.sincomam.org.br\/index.php\/wp-json\/wp\/v2\/comments?post=48425"}],"version-history":[{"count":1,"href":"https:\/\/www.sincomam.org.br\/index.php\/wp-json\/wp\/v2\/posts\/48425\/revisions"}],"predecessor-version":[{"id":48428,"href":"https:\/\/www.sincomam.org.br\/index.php\/wp-json\/wp\/v2\/posts\/48425\/revisions\/48428"}],"wp:featuredmedia":[{"embeddable":true,"href":"https:\/\/www.sincomam.org.br\/index.php\/wp-json\/wp\/v2\/media\/48427"}],"wp:attachment":[{"href":"https:\/\/www.sincomam.org.br\/index.php\/wp-json\/wp\/v2\/media?parent=48425"}],"wp:term":[{"taxonomy":"category","embeddable":true,"href":"https:\/\/www.sincomam.org.br\/index.php\/wp-json\/wp\/v2\/categories?post=48425"},{"taxonomy":"post_tag","embeddable":true,"href":"https:\/\/www.sincomam.org.br\/index.php\/wp-json\/wp\/v2\/tags?post=48425"}],"curies":[{"name":"wp","href":"https:\/\/api.w.org\/{rel}","templated":true}]}}