{"id":48419,"date":"2023-11-17T08:08:54","date_gmt":"2023-11-17T11:08:54","guid":{"rendered":"http:\/\/www.sincomam.org.br\/?p=48419"},"modified":"2023-11-17T08:08:54","modified_gmt":"2023-11-17T11:08:54","slug":"pac-para-tera-investimentos-de-56-bilhoes-nos-modais-portuario-hidroviario-e-aeroportuario","status":"publish","type":"post","link":"https:\/\/www.sincomam.org.br\/index.php\/pac-para-tera-investimentos-de-56-bilhoes-nos-modais-portuario-hidroviario-e-aeroportuario\/","title":{"rendered":"PAC Par\u00e1 ter\u00e1 investimentos de 5,6 bilh\u00f5es nos modais portu\u00e1rio, hidrovi\u00e1rio e aeroportu\u00e1rio"},"content":{"rendered":"<p>Com um pacote de projetos e obras que ser\u00e3o executadas pelo governo federal em parceria com entes privados, nos pr\u00f3ximos anos, o estado do Par\u00e1 ter\u00e1 or\u00e7amento de cerca de R$ 40 bilh\u00f5es no Novo PAC. Os recursos ser\u00e3o aplicados para alavancar a economia, expandir o turismo, gerar emprego e renda aos moradores.<\/p>\n<p>Nos portos, aeroportos e hidrovias ser\u00e3o investidos cerca de R$ 5,6 bilh\u00f5es. Os empreendimentos nos modais foram apresentados nesta quinta-feira (16) pelo ministro de Portos e Aeroportos (MPor), Silvio Costa Filho, durante evento realizado em Bel\u00e9m.<\/p>\n<p>Costa Filho destacou que o aporte \u00e9 o maior j\u00e1 aplicado no estado e que o MPor est\u00e1 empenhado para trabalhar no desenvolvimento da regi\u00e3o. \u201cTemos eixos importantes de atua\u00e7\u00e3o. O primeiro foi a 7\u00aa rodada de concess\u00e3o de aeroportos, com mais de R$ 1 bilh\u00e3o em investimentos aeroportu\u00e1rios, em Bel\u00e9m, em Altamira, Marab\u00e1, Caraj\u00e1s e Santar\u00e9m. S\u00e3o terminais requalificados para atender bem os viajantes. O segundo \u00e9 a aplica\u00e7\u00e3o de R$ 1,5 bilh\u00e3o para a constru\u00e7\u00e3o de novos terminais, novos arrendamentos e novas opera\u00e7\u00f5es nos portos da regi\u00e3o&#8221;, ressaltou o ministro.<\/p>\n<p>As a\u00e7\u00f5es promovidas pelo governo federal na \u00e1rea de transporte no Novo PAC t\u00eam como premissa reduzir os custos log\u00edsticos e aumentar a competitividade da economia brasileira. No Par\u00e1, al\u00e9m de investir em obras de manuten\u00e7\u00e3o e amplia\u00e7\u00e3o da capacidade portu\u00e1ria, est\u00e3o previstas a constru\u00e7\u00e3o de duas novas Instala\u00e7\u00f5es portu\u00e1rias de pequenos porte (IP4), nos munic\u00edpios de Juruti e Oriximin\u00e1. Os empreendimentos est\u00e3o com mais de 80% conclu\u00eddos, com previs\u00e3o de conclus\u00e3o at\u00e9 o final do segundo semestre deste ano.<\/p>\n<p>Na carteira de projetos do programa, os aeroportos da regi\u00e3o contar\u00e3o com aplica\u00e7\u00e3o de recurso de aproximadamente R$ 1,5 bilh\u00e3o para amplia\u00e7\u00e3o e moderniza\u00e7\u00e3o de suas estruturas. Com foco no turismo e na democratiza\u00e7\u00e3o do transporte a\u00e9reo, a prioridade do governo federal \u00e9 construir e colocar em opera\u00e7\u00e3o aeroportos regionais por todo o Brasil.<\/p>\n<p>Principais a\u00e7\u00f5es do Novo PAC no Par\u00e1<\/p>\n<p>\u2022 Derrocagem de Pedral do Louren\u00e7o;<br \/>\n\u2022 Crema da eclusa de Tucuru\u00ed;<br \/>\n\u2022 Conclus\u00e3o das IP4 de Juruti e Oriximin\u00e1;<br \/>\n\u2022 Plano de monitoramento hidrovi\u00e1rio do Rio Tapaj\u00f3s;<br \/>\n\u2022 Arrendamento de cont\u00eaineres de Vila do Conde;<br \/>\n\u2022 Terminal de m\u00faltiplo uso no Porto de Vila do Conde;<br \/>\n\u2022 Dragagem do Terminal Petroqu\u00edmico de Miramar;<br \/>\n\u2022 TUP no Rio Par\u00e1;<br \/>\n\u2022 Amplia\u00e7\u00e3o e moderniza\u00e7\u00e3o nos aeroportos de Bel\u00e9m, Altamira, Parauapebas, Marab\u00e1 e Santar\u00e9m do Par\u00e1;<\/p>\n<p>Investimentos para a COP-30<\/p>\n<p>Sob orienta\u00e7\u00e3o do presidente Lula, o ministro de Portos e Aeroportos indicou que a pasta est\u00e1 trabalhando em dois servi\u00e7os importantes para preparar a infraestrutura para receber a 30\u00aa Confer\u00eancia da ONU sobre Mudan\u00e7as Clim\u00e1ticas (COP-30), que ser\u00e1 realizada em novembro de 2025. \u201cJ\u00e1 est\u00e1 autorizado pelo presidente Lula investimentos de R$ 200 milh\u00f5es para a dragagem no Porto de Bel\u00e9m e o novo terminal internacional\u201d, concluiu Silvio Costa Filho.<\/p>\n<p>O ministro da Casa Civil, Rui Costa, mencionou a import\u00e2ncia do evento e lembrou que as obras do PAC tamb\u00e9m atender\u00e3o a demanda do evento daqui a dois anos. \u201cHoje, n\u00f3s estamos aqui para lan\u00e7ar o PAC, mas tamb\u00e9m para trabalhar, olhar e cooperar para a prepara\u00e7\u00e3o da COP-30. O presidente Lula est\u00e1 colocando o estado no centro do debate global sobre meio ambiente e desenvolvimento sustent\u00e1vel. Bel\u00e9m ser\u00e1 apresentada para o mundo inteiro\u201d, afirmou Rui Costa.<\/p>\n<p>Fonte: Portos e Navios<\/p>\n","protected":false},"excerpt":{"rendered":"<p>Com um pacote de projetos e obras que ser\u00e3o executadas pelo governo federal em parceria com entes privados, nos pr\u00f3ximos anos, o estado do Par\u00e1&#8230;<\/p>\n","protected":false},"author":1527,"featured_media":48420,"comment_status":"closed","ping_status":"closed","sticky":false,"template":"","format":"standard","meta":{"footnotes":""},"categories":[6],"tags":[],"class_list":["post-48419","post","type-post","status-publish","format-standard","has-post-thumbnail","hentry","category-noticias"],"_links":{"self":[{"href":"https:\/\/www.sincomam.org.br\/index.php\/wp-json\/wp\/v2\/posts\/48419","targetHints":{"allow":["GET"]}}],"collection":[{"href":"https:\/\/www.sincomam.org.br\/index.php\/wp-json\/wp\/v2\/posts"}],"about":[{"href":"https:\/\/www.sincomam.org.br\/index.php\/wp-json\/wp\/v2\/types\/post"}],"author":[{"embeddable":true,"href":"https:\/\/www.sincomam.org.br\/index.php\/wp-json\/wp\/v2\/users\/1527"}],"replies":[{"embeddable":true,"href":"https:\/\/www.sincomam.org.br\/index.php\/wp-json\/wp\/v2\/comments?post=48419"}],"version-history":[{"count":1,"href":"https:\/\/www.sincomam.org.br\/index.php\/wp-json\/wp\/v2\/posts\/48419\/revisions"}],"predecessor-version":[{"id":48421,"href":"https:\/\/www.sincomam.org.br\/index.php\/wp-json\/wp\/v2\/posts\/48419\/revisions\/48421"}],"wp:featuredmedia":[{"embeddable":true,"href":"https:\/\/www.sincomam.org.br\/index.php\/wp-json\/wp\/v2\/media\/48420"}],"wp:attachment":[{"href":"https:\/\/www.sincomam.org.br\/index.php\/wp-json\/wp\/v2\/media?parent=48419"}],"wp:term":[{"taxonomy":"category","embeddable":true,"href":"https:\/\/www.sincomam.org.br\/index.php\/wp-json\/wp\/v2\/categories?post=48419"},{"taxonomy":"post_tag","embeddable":true,"href":"https:\/\/www.sincomam.org.br\/index.php\/wp-json\/wp\/v2\/tags?post=48419"}],"curies":[{"name":"wp","href":"https:\/\/api.w.org\/{rel}","templated":true}]}}