{"id":48416,"date":"2023-11-16T11:30:03","date_gmt":"2023-11-16T14:30:03","guid":{"rendered":"http:\/\/www.sincomam.org.br\/?p=48416"},"modified":"2023-11-16T11:30:03","modified_gmt":"2023-11-16T14:30:03","slug":"trio-resgatado-apos-ficarem-dias-a-deriva-sao-levados-ao-porto-de-santos","status":"publish","type":"post","link":"https:\/\/www.sincomam.org.br\/index.php\/trio-resgatado-apos-ficarem-dias-a-deriva-sao-levados-ao-porto-de-santos\/","title":{"rendered":"Trio resgatado ap\u00f3s ficarem dias \u00e0 deriva s\u00e3o levados ao Porto de Santos"},"content":{"rendered":"<p>A Marinha do Brasil resgatou tr\u00eas homens que ficaram \u00e0 deriva em um bote de alum\u00ednio na Ilha Grande, em Angra dos Reis, no Rio de Janeiro. O trio desembarcou no Cais da Marinha, no Porto de Santos nesta ter\u00e7a-feira (14\/11). Eles receberam atendimento m\u00e9dico e passam bem.<\/p>\n<p>De acordo com o \u00f3rg\u00e3o, os tripulantes s\u00e3o M\u00e1rcio Gomes da Cunha Junior, de Guaruj\u00e1; Ederson Feij\u00f3 Ferreira, de Caraguatatuba, Litoral Norte de S\u00e3o Paulo e Deivid Hutor, uruguaio que vive no Rio de Janeiro.<\/p>\n<p>Os tr\u00eas homens relataram que a embarca\u00e7\u00e3o sofreu um pane em alto-mar. A Marinha Brasileira tomou conhecimento sobre o caso \u00e0s 13h50 de segunda-feira (13\/11). Todo o trabalho foi feito com cuidado para que todos chegassem em seguran\u00e7a em Santos.<\/p>\n<p>Os tripulantes foram encontrados pelos ocupantes do Navio Mercante Bow Atlantic, que comunicou a autoridade competente. A embarca\u00e7\u00e3o mercante os encontrou enquanto seguia para o Porto de Santos.<\/p>\n<p>O trio foi resgatado, passou a noite no navio e por volta das 11h desta ter\u00e7a-feira a Praticagem de S\u00e3o Paulo fez o transbordo da embarca\u00e7\u00e3o ao Navio Patrulha Gurupi, da Marinha. O desembarque em Santos aconteceu volta das 14h.<\/p>\n<p>Os homens apresentavam sinais de desidrata\u00e7\u00e3o e receberam os primeiros atendimentos j\u00e1 no Navio Mercante. O bote de alum\u00ednio foi i\u00e7ado \u00e0 embarca\u00e7\u00e3o.<\/p>\n<p>Fonte: Defesa em Foco<\/p>\n","protected":false},"excerpt":{"rendered":"<p>A Marinha do Brasil resgatou tr\u00eas homens que ficaram \u00e0 deriva em um bote de alum\u00ednio na Ilha Grande, em Angra dos Reis, no Rio&#8230;<\/p>\n","protected":false},"author":1527,"featured_media":48417,"comment_status":"closed","ping_status":"closed","sticky":false,"template":"","format":"standard","meta":{"footnotes":""},"categories":[6],"tags":[],"class_list":["post-48416","post","type-post","status-publish","format-standard","has-post-thumbnail","hentry","category-noticias"],"_links":{"self":[{"href":"https:\/\/www.sincomam.org.br\/index.php\/wp-json\/wp\/v2\/posts\/48416","targetHints":{"allow":["GET"]}}],"collection":[{"href":"https:\/\/www.sincomam.org.br\/index.php\/wp-json\/wp\/v2\/posts"}],"about":[{"href":"https:\/\/www.sincomam.org.br\/index.php\/wp-json\/wp\/v2\/types\/post"}],"author":[{"embeddable":true,"href":"https:\/\/www.sincomam.org.br\/index.php\/wp-json\/wp\/v2\/users\/1527"}],"replies":[{"embeddable":true,"href":"https:\/\/www.sincomam.org.br\/index.php\/wp-json\/wp\/v2\/comments?post=48416"}],"version-history":[{"count":1,"href":"https:\/\/www.sincomam.org.br\/index.php\/wp-json\/wp\/v2\/posts\/48416\/revisions"}],"predecessor-version":[{"id":48418,"href":"https:\/\/www.sincomam.org.br\/index.php\/wp-json\/wp\/v2\/posts\/48416\/revisions\/48418"}],"wp:featuredmedia":[{"embeddable":true,"href":"https:\/\/www.sincomam.org.br\/index.php\/wp-json\/wp\/v2\/media\/48417"}],"wp:attachment":[{"href":"https:\/\/www.sincomam.org.br\/index.php\/wp-json\/wp\/v2\/media?parent=48416"}],"wp:term":[{"taxonomy":"category","embeddable":true,"href":"https:\/\/www.sincomam.org.br\/index.php\/wp-json\/wp\/v2\/categories?post=48416"},{"taxonomy":"post_tag","embeddable":true,"href":"https:\/\/www.sincomam.org.br\/index.php\/wp-json\/wp\/v2\/tags?post=48416"}],"curies":[{"name":"wp","href":"https:\/\/api.w.org\/{rel}","templated":true}]}}