{"id":48407,"date":"2023-11-16T11:20:05","date_gmt":"2023-11-16T14:20:05","guid":{"rendered":"http:\/\/www.sincomam.org.br\/?p=48407"},"modified":"2023-11-16T11:20:05","modified_gmt":"2023-11-16T14:20:05","slug":"pescadores-afetados-por-seca-no-para-terao-parcela-extra-de-auxilio","status":"publish","type":"post","link":"https:\/\/www.sincomam.org.br\/index.php\/pescadores-afetados-por-seca-no-para-terao-parcela-extra-de-auxilio\/","title":{"rendered":"Pescadores afetados por seca no Par\u00e1 ter\u00e3o parcela extra de aux\u00edlio"},"content":{"rendered":"<div class=\"post-item-wrap\">\n<p>Os pescadores inscritos afetados pela seca no oeste e no sul do Par\u00e1 receber\u00e3o uma parcela extra de seguro-defeso, equivalente a dois sal\u00e1rios m\u00ednimos (R$ 2.640).<img decoding=\"async\" src=\"https:\/\/agenciabrasil.ebc.com.br\/ebc.png?id=1566804&amp;o=node\" \/><img decoding=\"async\" src=\"https:\/\/agenciabrasil.ebc.com.br\/ebc.gif?id=1566804&amp;o=node\" \/><\/p>\n<p>O an\u00fancio ocorreu nesta quarta-feira (15), ap\u00f3s reuni\u00e3o entre os ministros das Cidades, Jader Filho; da Integra\u00e7\u00e3o e do Desenvolvimento Regional, Waldez G\u00f3es; e o governador do Par\u00e1, Helder Barbalho.<\/p>\n<p>Os tr\u00eas se reuniram para anunciar a articula\u00e7\u00e3o entre a Uni\u00e3o e o estado para enfrentar a estiagem provocada\u00a0pelo fen\u00f4meno clim\u00e1tico El Ni\u00f1o\u00a0e pelo aquecimento da por\u00e7\u00e3o norte do Oceano Atl\u00e2ntico.<\/p>\n<p>Os dois ministros e o governador anunciaram as medidas ap\u00f3s uma visita t\u00e9cnica \u00e0 comunidade ribeirinha de Igarap\u00e9 da Praia, no munic\u00edpio de Santar\u00e9m, uma das \u00e1reas afetadas pela seca.<\/p>\n<p>Os prefeitos das regi\u00f5es do Baixo Amazonas e do Tapaj\u00f3s tamb\u00e9m compareceram ao encontro. Outra a\u00e7\u00e3o anunciada foi a homologa\u00e7\u00e3o imediata do estado de emerg\u00eancia aos munic\u00edpios que a pedirem. Atualmente, 21 cidades do Par\u00e1 est\u00e3o em estado de emerg\u00eancia.<\/p>\n<p>No in\u00edcio deste m\u00eas, o governo federal tinha anunciado o pagamento do aux\u00edlio aos pescadores. Em rela\u00e7\u00e3o \u00e0s a\u00e7\u00f5es estaduais, o governador Helder Barbalho anunciou a continuidade da distribui\u00e7\u00e3o de cestas b\u00e1sicas e de \u00e1gua, o fornecimento de combust\u00edvel \u00e0s comunidades afetadas e a ado\u00e7\u00e3o do sistema simplificado de abastecimento de \u00e1gua comunit\u00e1rio. Segundo Barbalho, o Par\u00e1 distribuiu, at\u00e9 agora, 10.592 cestas b\u00e1sicas a fam\u00edlias atingidas pela falta de chuvas.<\/p>\n<p>Segundo o ministro Jader Filho, o governo federal liberou R$ 17,7 milh\u00f5es a 13 munic\u00edpios paraenses. Ele prometeu, nos pr\u00f3ximos dias, incluir mais quatro munic\u00edpios e elevar os investimentos em R$ 4,4 milh\u00f5es.<\/p>\n<p>Waldez G\u00f3es disse que o valor a ser liberado pode chegar a R$ 25 milh\u00f5es, por meio de a\u00e7\u00f5es articuladas da Defesa Civil e dos Minist\u00e9rios da Sa\u00fade e da Pesca. Ele ressaltou que, na Amaz\u00f4nia Legal, 120 munic\u00edpios enfrentam problemas associados \u00e0 estiagem e advertiu que o n\u00famero pode subir.<\/p>\n<\/div>\n<p>Fonte: Ag\u00eancia Brasil<\/p>\n","protected":false},"excerpt":{"rendered":"<p>Os pescadores inscritos afetados pela seca no oeste e no sul do Par\u00e1 receber\u00e3o uma parcela extra de seguro-defeso, equivalente a dois sal\u00e1rios m\u00ednimos (R$&#8230;<\/p>\n","protected":false},"author":1527,"featured_media":48408,"comment_status":"closed","ping_status":"closed","sticky":false,"template":"","format":"standard","meta":{"footnotes":""},"categories":[6],"tags":[],"class_list":["post-48407","post","type-post","status-publish","format-standard","has-post-thumbnail","hentry","category-noticias"],"_links":{"self":[{"href":"https:\/\/www.sincomam.org.br\/index.php\/wp-json\/wp\/v2\/posts\/48407","targetHints":{"allow":["GET"]}}],"collection":[{"href":"https:\/\/www.sincomam.org.br\/index.php\/wp-json\/wp\/v2\/posts"}],"about":[{"href":"https:\/\/www.sincomam.org.br\/index.php\/wp-json\/wp\/v2\/types\/post"}],"author":[{"embeddable":true,"href":"https:\/\/www.sincomam.org.br\/index.php\/wp-json\/wp\/v2\/users\/1527"}],"replies":[{"embeddable":true,"href":"https:\/\/www.sincomam.org.br\/index.php\/wp-json\/wp\/v2\/comments?post=48407"}],"version-history":[{"count":1,"href":"https:\/\/www.sincomam.org.br\/index.php\/wp-json\/wp\/v2\/posts\/48407\/revisions"}],"predecessor-version":[{"id":48409,"href":"https:\/\/www.sincomam.org.br\/index.php\/wp-json\/wp\/v2\/posts\/48407\/revisions\/48409"}],"wp:featuredmedia":[{"embeddable":true,"href":"https:\/\/www.sincomam.org.br\/index.php\/wp-json\/wp\/v2\/media\/48408"}],"wp:attachment":[{"href":"https:\/\/www.sincomam.org.br\/index.php\/wp-json\/wp\/v2\/media?parent=48407"}],"wp:term":[{"taxonomy":"category","embeddable":true,"href":"https:\/\/www.sincomam.org.br\/index.php\/wp-json\/wp\/v2\/categories?post=48407"},{"taxonomy":"post_tag","embeddable":true,"href":"https:\/\/www.sincomam.org.br\/index.php\/wp-json\/wp\/v2\/tags?post=48407"}],"curies":[{"name":"wp","href":"https:\/\/api.w.org\/{rel}","templated":true}]}}