{"id":48400,"date":"2023-11-16T08:28:57","date_gmt":"2023-11-16T11:28:57","guid":{"rendered":"http:\/\/www.sincomam.org.br\/?p=48400"},"modified":"2023-11-16T08:28:57","modified_gmt":"2023-11-16T11:28:57","slug":"arquipelago-de-sao-pedro-e-sao-paulo-25-anos-de-pesquisa-e-descobertas-no-coracao-da-amazonia-azul","status":"publish","type":"post","link":"https:\/\/www.sincomam.org.br\/index.php\/arquipelago-de-sao-pedro-e-sao-paulo-25-anos-de-pesquisa-e-descobertas-no-coracao-da-amazonia-azul\/","title":{"rendered":"Arquip\u00e9lago de S\u00e3o Pedro e S\u00e3o Paulo: 25 Anos de Pesquisa e Descobertas no Cora\u00e7\u00e3o da Amaz\u00f4nia Azul"},"content":{"rendered":"<p>Descoberto h\u00e1 mais de 500 anos, o Arquip\u00e9lago de S\u00e3o Pedro e S\u00e3o Paulo (ASPSP) permaneceu, por s\u00e9culos, como um enigma geol\u00f3gico e biol\u00f3gico. Em 1998, a Marinha do Brasil (MB) inaugurou a Esta\u00e7\u00e3o Cient\u00edfica do Programa de Pesquisas Cient\u00edficas do ASPSP (Proarquip\u00e9lago), sob a administra\u00e7\u00e3o da Secretaria da Comiss\u00e3o Interministerial para os Recursos do Mar (SECIRM), transformando a ilha Belmonte e suas vizinhas em um dos mais significativos laborat\u00f3rios naturais do Brasil.<\/p>\n<p><strong>Amaz\u00f4nia Azul: Estrat\u00e9gia e Biodiversidade<\/strong><\/p>\n<p>A Esta\u00e7\u00e3o n\u00e3o apenas fomentou pesquisas em \u00e1reas como biodiversidade marinha, geologia e climatologia, mas tamb\u00e9m se tornou um pilar estrat\u00e9gico para o Brasil. A habitabilidade permanente da Esta\u00e7\u00e3o assegurou a incorpora\u00e7\u00e3o de aproximadamente 450 mil quil\u00f4metros quadrados de Zona Econ\u00f4mica Exclusiva (ZEE), ampliando a soberania nacional sobre um territ\u00f3rio mar\u00edtimo rico em biodiversidade e recursos naturais.<\/p>\n<p><strong>Um Tesouro Submerso: Diversidade e Pesquisa<\/strong><\/p>\n<p>O ASPSP \u00e9 um ecossistema \u00fanico, com uma rica variedade de esp\u00e9cies end\u00eamicas e um ponto crucial para a reprodu\u00e7\u00e3o e migra\u00e7\u00e3o de diversas esp\u00e9cies marinhas. A regi\u00e3o \u00e9 tamb\u00e9m um ponto de converg\u00eancia de correntes oce\u00e2nicas, oferecendo um campo f\u00e9rtil para estudos sobre processos f\u00edsicos e qu\u00edmicos marinhos.<\/p>\n<p><strong>Um Legado de Conhecimento e Soberania<\/strong><\/p>\n<p>A Esta\u00e7\u00e3o Cient\u00edfica do ASPSP celebra 25 anos de opera\u00e7\u00e3o ininterrupta, um testemunho da colabora\u00e7\u00e3o eficaz entre a esfera federal e a comunidade cient\u00edfica. Institui\u00e7\u00f5es como CNPq, UFES, UFRPE, UFRN, entre outras, t\u00eam sido fundamentais nessa jornada. A MB, atuando como um bra\u00e7o log\u00edstico vital, garante a continuidade deste projeto estrat\u00e9gico.<\/p>\n<p><strong>O Futuro do ASPSP: Desafios e Expectativas<\/strong><\/p>\n<p>Olhando para o futuro, espera-se que a Esta\u00e7\u00e3o continue a ser um pilar para o desenvolvimento das Ci\u00eancias do Mar no Brasil. Com vastas \u00e1reas do arquip\u00e9lago ainda inexploradas, os pr\u00f3ximos 25 anos prometem descobertas significativas, mantendo o Brasil na vanguarda da pesquisa marinha global.<\/p>\n<div class=\"td-g-rec td-g-rec-id-content_bottom tdi_4 td_block_template_11 \">Fonte: Defesa em Foco<\/div>\n","protected":false},"excerpt":{"rendered":"<p>Descoberto h\u00e1 mais de 500 anos, o Arquip\u00e9lago de S\u00e3o Pedro e S\u00e3o Paulo (ASPSP) permaneceu, por s\u00e9culos, como um enigma geol\u00f3gico e biol\u00f3gico. Em&#8230;<\/p>\n","protected":false},"author":1527,"featured_media":48401,"comment_status":"closed","ping_status":"closed","sticky":false,"template":"","format":"standard","meta":{"footnotes":""},"categories":[6],"tags":[],"class_list":["post-48400","post","type-post","status-publish","format-standard","has-post-thumbnail","hentry","category-noticias"],"_links":{"self":[{"href":"https:\/\/www.sincomam.org.br\/index.php\/wp-json\/wp\/v2\/posts\/48400","targetHints":{"allow":["GET"]}}],"collection":[{"href":"https:\/\/www.sincomam.org.br\/index.php\/wp-json\/wp\/v2\/posts"}],"about":[{"href":"https:\/\/www.sincomam.org.br\/index.php\/wp-json\/wp\/v2\/types\/post"}],"author":[{"embeddable":true,"href":"https:\/\/www.sincomam.org.br\/index.php\/wp-json\/wp\/v2\/users\/1527"}],"replies":[{"embeddable":true,"href":"https:\/\/www.sincomam.org.br\/index.php\/wp-json\/wp\/v2\/comments?post=48400"}],"version-history":[{"count":1,"href":"https:\/\/www.sincomam.org.br\/index.php\/wp-json\/wp\/v2\/posts\/48400\/revisions"}],"predecessor-version":[{"id":48402,"href":"https:\/\/www.sincomam.org.br\/index.php\/wp-json\/wp\/v2\/posts\/48400\/revisions\/48402"}],"wp:featuredmedia":[{"embeddable":true,"href":"https:\/\/www.sincomam.org.br\/index.php\/wp-json\/wp\/v2\/media\/48401"}],"wp:attachment":[{"href":"https:\/\/www.sincomam.org.br\/index.php\/wp-json\/wp\/v2\/media?parent=48400"}],"wp:term":[{"taxonomy":"category","embeddable":true,"href":"https:\/\/www.sincomam.org.br\/index.php\/wp-json\/wp\/v2\/categories?post=48400"},{"taxonomy":"post_tag","embeddable":true,"href":"https:\/\/www.sincomam.org.br\/index.php\/wp-json\/wp\/v2\/tags?post=48400"}],"curies":[{"name":"wp","href":"https:\/\/api.w.org\/{rel}","templated":true}]}}