{"id":48394,"date":"2023-11-16T08:23:32","date_gmt":"2023-11-16T11:23:32","guid":{"rendered":"http:\/\/www.sincomam.org.br\/?p=48394"},"modified":"2023-11-16T08:23:32","modified_gmt":"2023-11-16T11:23:32","slug":"porto-de-paranagua-aumenta-profundidade-do-canal-em-mais-cinco-bercos","status":"publish","type":"post","link":"https:\/\/www.sincomam.org.br\/index.php\/porto-de-paranagua-aumenta-profundidade-do-canal-em-mais-cinco-bercos\/","title":{"rendered":"Porto de Paranagu\u00e1 aumenta profundidade do canal em mais cinco ber\u00e7os"},"content":{"rendered":"<p>Calado passar\u00e1 de 12,5 metros para 12,8 metros; em m\u00e9dia, cada metro de calado operacional significa cerca de 7 mil toneladas a mais de gr\u00e3os movimentados<\/p>\n<p>A Portos do Paran\u00e1, empresa p\u00fablica do governo do estado do Paran\u00e1, aumenta o calado operacional dos navios em cinco ber\u00e7os do Porto de Paranagu\u00e1, os 201, 202, 204, 209 e 211. O aumento ocorre em consequ\u00eancia da \u00faltima campanha de dragagem. A mudan\u00e7a foi homologada pela Capitania dos Portos do Paran\u00e1 (CPPR) e amplia a capacidade operacional dos terminais paranaenses.<\/p>\n<p>Com essa nova altera\u00e7\u00e3o, essa dist\u00e2ncia passa de 12,5 metros para 12,8 metros no Corredor de Exporta\u00e7\u00e3o Oeste, Carga Geral e nos ber\u00e7os de fertilizantes.<\/p>\n<p>\u201cNo ano passado aumentamos o calado de navega\u00e7\u00e3o no canal de acesso ao Porto de Paranagu\u00e1 e de opera\u00e7\u00e3o nos ber\u00e7os de atraca\u00e7\u00e3o do Corredor de Exporta\u00e7\u00e3o Leste. Neste ano, ap\u00f3s a \u00faltima campanha de dragagem, e discuss\u00f5es t\u00e9cnicas no \u00e2mbito do grupo de trabalho de ganhos operacionais da Portos do Paran\u00e1, composto tamb\u00e9m pela Capitania dos Portos do Paran\u00e1 e 17\u00aa Zona de Praticagem, estamos aumentando o calado m\u00e1ximo operacional dos ber\u00e7os, o que implicar\u00e1 no aumento da movimenta\u00e7\u00e3o de cargas gerais, fertilizantes, soja, farelo, milho e a\u00e7\u00facar\u201d, disse Victor Kengo, diretor de Engenharia e Manuten\u00e7\u00e3o da Portos do Paran\u00e1.<\/p>\n<p>A amplia\u00e7\u00e3o do calado tem impacto direto na capacidade de embarque, garantindo maior competitividade no mercado internacional. Em m\u00e9dia, cada metro de calado operacional significa cerca de 7 mil toneladas a mais de gran\u00e9is movimentados. O ganho operacional estimado \u00e9 de 2,1 mil toneladas a mais de carga, por navio.<\/p>\n<p>O sistema de embarque de gran\u00e9is pelo Corredor de Exporta\u00e7\u00e3o Oeste em Paranagu\u00e1 foi respons\u00e1vel por movimentar mais de 5% de todas as cargas nos portos do Paran\u00e1, que chegaram a quase 3 milh\u00f5es de toneladas, em 2023.<\/p>\n<p>Fonte: Portos e Navios<\/p>\n","protected":false},"excerpt":{"rendered":"<p>Calado passar\u00e1 de 12,5 metros para 12,8 metros; em m\u00e9dia, cada metro de calado operacional significa cerca de 7 mil toneladas a mais de gr\u00e3os&#8230;<\/p>\n","protected":false},"author":1527,"featured_media":48395,"comment_status":"closed","ping_status":"closed","sticky":false,"template":"","format":"standard","meta":{"footnotes":""},"categories":[6],"tags":[],"class_list":["post-48394","post","type-post","status-publish","format-standard","has-post-thumbnail","hentry","category-noticias"],"_links":{"self":[{"href":"https:\/\/www.sincomam.org.br\/index.php\/wp-json\/wp\/v2\/posts\/48394","targetHints":{"allow":["GET"]}}],"collection":[{"href":"https:\/\/www.sincomam.org.br\/index.php\/wp-json\/wp\/v2\/posts"}],"about":[{"href":"https:\/\/www.sincomam.org.br\/index.php\/wp-json\/wp\/v2\/types\/post"}],"author":[{"embeddable":true,"href":"https:\/\/www.sincomam.org.br\/index.php\/wp-json\/wp\/v2\/users\/1527"}],"replies":[{"embeddable":true,"href":"https:\/\/www.sincomam.org.br\/index.php\/wp-json\/wp\/v2\/comments?post=48394"}],"version-history":[{"count":1,"href":"https:\/\/www.sincomam.org.br\/index.php\/wp-json\/wp\/v2\/posts\/48394\/revisions"}],"predecessor-version":[{"id":48396,"href":"https:\/\/www.sincomam.org.br\/index.php\/wp-json\/wp\/v2\/posts\/48394\/revisions\/48396"}],"wp:featuredmedia":[{"embeddable":true,"href":"https:\/\/www.sincomam.org.br\/index.php\/wp-json\/wp\/v2\/media\/48395"}],"wp:attachment":[{"href":"https:\/\/www.sincomam.org.br\/index.php\/wp-json\/wp\/v2\/media?parent=48394"}],"wp:term":[{"taxonomy":"category","embeddable":true,"href":"https:\/\/www.sincomam.org.br\/index.php\/wp-json\/wp\/v2\/categories?post=48394"},{"taxonomy":"post_tag","embeddable":true,"href":"https:\/\/www.sincomam.org.br\/index.php\/wp-json\/wp\/v2\/tags?post=48394"}],"curies":[{"name":"wp","href":"https:\/\/api.w.org\/{rel}","templated":true}]}}