{"id":48385,"date":"2023-11-14T07:14:45","date_gmt":"2023-11-14T10:14:45","guid":{"rendered":"http:\/\/www.sincomam.org.br\/?p=48385"},"modified":"2023-11-13T23:15:53","modified_gmt":"2023-11-14T02:15:53","slug":"rio-tem-sensacao-termica-de-mais-de-52-graus-as-8h-da-manha","status":"publish","type":"post","link":"https:\/\/www.sincomam.org.br\/index.php\/rio-tem-sensacao-termica-de-mais-de-52-graus-as-8h-da-manha\/","title":{"rendered":"Rio tem sensa\u00e7\u00e3o t\u00e9rmica de mais de 52 graus"},"content":{"rendered":"<p>A onda de calor atingiu com for\u00e7a o Rio de Janeiro e se apresenta intensa desde logo cedo. De acordo com o Alerta Rio, servi\u00e7o de meteorologia da Prefeitura, a sensa\u00e7\u00e3o t\u00e9rmica chegou a 52,7 graus Celsius (\u00b0C) \u00e0s 8h da manh\u00e3 em Guaratiba, na zona oeste da cidade. Essa foi a maior sensa\u00e7\u00e3o de calor registrada na cidade at\u00e9 as 8h30 desta segunda-feira (13). A temperatura mais alta no come\u00e7o da manh\u00e3 tamb\u00e9m foi registrada em Guaratiba: 36,4\u00b0C\u00a0\u00e0s 8h30.<img decoding=\"async\" src=\"https:\/\/agenciabrasil.ebc.com.br\/ebc.png?id=1566152&amp;o=node\" \/><img decoding=\"async\" src=\"https:\/\/agenciabrasil.ebc.com.br\/ebc.gif?id=1566152&amp;o=node\" \/><\/p>\n<p>Durante o dia, n\u00e3o vai ser diferente. A previs\u00e3o do Alerta Rio indica que o posicionamento de um sistema de alta press\u00e3o influenciar\u00e1 o tempo na cidade. \u201cAssim, o c\u00e9u estar\u00e1 claro a parcialmente nublado e n\u00e3o h\u00e1 previs\u00e3o de chuva. Os ventos estar\u00e3o fracos a moderados e as temperaturas permanecer\u00e3o est\u00e1veis, com m\u00ednima de 22\u00b0C e m\u00e1xima de 41\u00b0C\u201d, informou.<\/p>\n<p>A onda de calor fez com que a maior temperatura do ano fosse anotada no \u00faltimo domingo, que teve 42,5\u00b0C \u00e0s 13h50. O recorde anterior era de 17 de fevereiro, quando os term\u00f4metros chegaram a 41,8\u00b0C, \u00e0s 15h15. Os dois recordes foram registrados na esta\u00e7\u00e3o Iraj\u00e1, na zona norte da cidade. Apesar do recorde de temperatura de ontem, a sensa\u00e7\u00e3o t\u00e9rmica alcan\u00e7ou 50,5\u00b0C, enquanto, no dia 17 de fevereiro, chegou a 58,3\u00b0C.<\/p>\n<p>Para os pr\u00f3ximos quatro dias, de acordo com as previs\u00f5es, em nenhum dia a m\u00e1xima ser\u00e1 menor que 35\u00b0C e ficar\u00e1 entre este n\u00edvel e 41\u00b0C. A m\u00ednima varia entre 20\u00b0C e 23\u00b0C.<\/p>\n<p>Na\u00a0ter\u00e7a-feira (14\/11), o\u00a0tempo permanecer\u00e1 est\u00e1vel e\u00a0n\u00e3o h\u00e1 previs\u00e3o de chuva. Os ventos estar\u00e3o fracos a moderados, de\u00a0 at\u00e9 51,9 km\/h. Na quarta e na quinta-feira (16), \u201c\u00e1reas de instabilidade em m\u00e9dios n\u00edveis da atmosfera, refor\u00e7adas pelo calor, influenciar\u00e3o o tempo no Rio, com\u00a0previs\u00e3o de pancadas r\u00e1pidas de chuva moderada nos per\u00edodos da tarde e noite.\u00a0A chuva poder\u00e1 passar de 10 mm\/h em, pelo menos, um ponto da cidade em ambos os dias\u201d.<\/p>\n<p>Segundo o servi\u00e7o de meteorologia da Prefeitura, na\u00a0sexta-feira (17),\u00a0ventos \u00famidos do oceano aumentar\u00e3o a nebulosidade,\u00a0mas n\u00e3o h\u00e1 previs\u00e3o de chuva. \u201cOs ventos estar\u00e3o fracos a moderados, e\u00a0as temperaturas apresentar\u00e3o ligeiro decl\u00ednio\u201d.<\/p>\n<p>A popula\u00e7\u00e3o deve se preparar para suportar a umidade relativa do ar, que poder\u00e1 apresentar valores entre 21% e 30% no per\u00edodo da tarde de amanh\u00e3 e da quinta-feira, em alguns pontos da cidade. A orienta\u00e7\u00e3o \u00e9 aumentar a hidrata\u00e7\u00e3o e evitar exposi\u00e7\u00e3o ao sol em hor\u00e1rios de temperatura mais intensa, especialmente em torno das 12h.<\/p>\n<p>Fonte: Ag\u00eancia Brasil<\/p>\n","protected":false},"excerpt":{"rendered":"<p>A onda de calor atingiu com for\u00e7a o Rio de Janeiro e se apresenta intensa desde logo cedo. De acordo com o Alerta Rio, servi\u00e7o&#8230;<\/p>\n","protected":false},"author":1527,"featured_media":48383,"comment_status":"closed","ping_status":"closed","sticky":false,"template":"","format":"standard","meta":{"footnotes":""},"categories":[6],"tags":[],"class_list":["post-48385","post","type-post","status-publish","format-standard","has-post-thumbnail","hentry","category-noticias"],"_links":{"self":[{"href":"https:\/\/www.sincomam.org.br\/index.php\/wp-json\/wp\/v2\/posts\/48385","targetHints":{"allow":["GET"]}}],"collection":[{"href":"https:\/\/www.sincomam.org.br\/index.php\/wp-json\/wp\/v2\/posts"}],"about":[{"href":"https:\/\/www.sincomam.org.br\/index.php\/wp-json\/wp\/v2\/types\/post"}],"author":[{"embeddable":true,"href":"https:\/\/www.sincomam.org.br\/index.php\/wp-json\/wp\/v2\/users\/1527"}],"replies":[{"embeddable":true,"href":"https:\/\/www.sincomam.org.br\/index.php\/wp-json\/wp\/v2\/comments?post=48385"}],"version-history":[{"count":2,"href":"https:\/\/www.sincomam.org.br\/index.php\/wp-json\/wp\/v2\/posts\/48385\/revisions"}],"predecessor-version":[{"id":48387,"href":"https:\/\/www.sincomam.org.br\/index.php\/wp-json\/wp\/v2\/posts\/48385\/revisions\/48387"}],"wp:featuredmedia":[{"embeddable":true,"href":"https:\/\/www.sincomam.org.br\/index.php\/wp-json\/wp\/v2\/media\/48383"}],"wp:attachment":[{"href":"https:\/\/www.sincomam.org.br\/index.php\/wp-json\/wp\/v2\/media?parent=48385"}],"wp:term":[{"taxonomy":"category","embeddable":true,"href":"https:\/\/www.sincomam.org.br\/index.php\/wp-json\/wp\/v2\/categories?post=48385"},{"taxonomy":"post_tag","embeddable":true,"href":"https:\/\/www.sincomam.org.br\/index.php\/wp-json\/wp\/v2\/tags?post=48385"}],"curies":[{"name":"wp","href":"https:\/\/api.w.org\/{rel}","templated":true}]}}