{"id":48375,"date":"2023-11-14T07:09:43","date_gmt":"2023-11-14T10:09:43","guid":{"rendered":"http:\/\/www.sincomam.org.br\/?p=48375"},"modified":"2023-11-13T23:11:05","modified_gmt":"2023-11-14T02:11:05","slug":"reuniao-do-comite-de-cooperacao-conjunto-brasil-franca-para-submarinos-acontece-pela-primeira-vez-em-sao-paulo","status":"publish","type":"post","link":"https:\/\/www.sincomam.org.br\/index.php\/reuniao-do-comite-de-cooperacao-conjunto-brasil-franca-para-submarinos-acontece-pela-primeira-vez-em-sao-paulo\/","title":{"rendered":"Reuni\u00e3o do Comit\u00ea de Coopera\u00e7\u00e3o Conjunto Brasil-Fran\u00e7a para Submarinos acontece pela primeira vez em S\u00e3o Paulo"},"content":{"rendered":"<p>Ap\u00f3s 27 edi\u00e7\u00f5es, sempre revezando entre as cidades de Paris e Rio de Janeiro, a Marinha do Brasil, por meio da Diretoria-Geral de Desenvolvimento Nuclear e Tecnol\u00f3gico da Marinha (DGDNTM), realizou, pela primeira vez em S\u00e3o Paulo, no dia 9 de novembro, a 28\u00aa Reuni\u00e3o do Comit\u00ea de Coopera\u00e7\u00e3o Conjunto Brasil-Fran\u00e7a para Submarinos (CCCBF). O objetivo do evento foi mensurar e apresentar os avan\u00e7os na Constru\u00e7\u00e3o dos Submarinos Classe Riachuelo, bem como, a evolu\u00e7\u00e3o do projeto na obten\u00e7\u00e3o e futura fabrica\u00e7\u00e3o do Submarino Convencionalmente Armado com Propuls\u00e3o Nuclear (SCPN). Ainda, a reuni\u00e3o marca a continuidade de uma parceria estrat\u00e9gica na busca pelo aprimoramento da capacidade tecnol\u00f3gica e de inova\u00e7\u00e3o em prol das na\u00e7\u00f5es brasileira e francesa.<\/p>\n<p>Na abertura, o Diretor-Geral de Desenvolvimento Nuclear e Tecnol\u00f3gico da Marinha (DGDNTM) e Copresidente do Comit\u00ea, Almirante de Esquadra Petronio Augusto Siqueira de Aguiar, ressaltou o privil\u00e9gio de receber a todos em S\u00e3o Paulo, onde encontra-se a nova sede da DGDNTM al\u00e9m de importantes centros de produ\u00e7\u00e3o de alta tecnologia da Am\u00e9rica Latina. O Almirante Petronio tamb\u00e9m refor\u00e7ou a import\u00e2ncia da continuidade dessa exitosa Parceria Estrat\u00e9gica.<\/p>\n<p>\u201cEste evento marca a continuidade de uma parceria estrat\u00e9gica entre o Brasil e a Fran\u00e7a que, em 2023, completou 15 anos. O PROSUB \u00e9 um Programa de Estado, um dos maiores do Pa\u00eds. Al\u00e9m disso, o Brasil tem voca\u00e7\u00e3o para o uso e desenvolvimento da tecnologia nuclear em todos os setores, n\u00e3o s\u00f3 no setor de defesa, mas no de sa\u00fade, de seguran\u00e7a alimentar, de seguran\u00e7a h\u00eddrica. \u00c9, portanto, uma vertente que precisamos continuar desenvolvendo porque tem, inclusive, a capacidade de fomentar prosperidade e in\u00fameros benef\u00edcios para nossa sociedade\u201d, ressaltou o Almirante Petronio.<\/p>\n<p>A 28\u00aa reuni\u00e3o aconteceu no Sal\u00e3o nobre do Centro Tecnol\u00f3gico da Marinha em S\u00e3o Paulo e contou com a participa\u00e7\u00e3o de representantes dos Minist\u00e9rios da Defesa, das Rela\u00e7\u00f5es Exteriores, da Economia, do Planejamento e Or\u00e7amento, assim como da Advocacia-Geral da Uni\u00e3o, al\u00e9m de representantes franceses da Dire\u00e7\u00e3o-Geral do Armamento, do Minist\u00e9rio da Europa e dos Assuntos Estrangeiros e da Marinha Nacional Francesa. Tamb\u00e9m participaram da reuni\u00e3o integrantes da AMAZUL, Novonor, CBS, Naval Group, ICN e Atech.<\/p>\n<p>1 O CCCBF foi criado em decorr\u00eancia do Acordo assinado em 23 de dezembro de 2008 entre os Governos do Brasil e da Fran\u00e7a, e tem como prop\u00f3sito supervisionar a adequada execu\u00e7\u00e3o das coopera\u00e7\u00f5es definidas no Acordo, manter a atualiza\u00e7\u00e3o sobre o progresso dos contratos subsequentes, pesquisar e implementar solu\u00e7\u00f5es apropriadas em face de eventuais \u00f3bices na coopera\u00e7\u00e3o, apresentar a presta\u00e7\u00e3o de contas de seus trabalhos a cada semestre e, sobretudo, contribuir para fortalecer os la\u00e7os de amizade e parceria estrat\u00e9gica entre as duas na\u00e7\u00f5es.<\/p>\n<p>Fonte: Defesa em Foco<\/p>\n<div class=\"google-auto-placed ap_container\"><\/div>\n","protected":false},"excerpt":{"rendered":"<p>Ap\u00f3s 27 edi\u00e7\u00f5es, sempre revezando entre as cidades de Paris e Rio de Janeiro, a Marinha do Brasil, por meio da Diretoria-Geral de Desenvolvimento Nuclear&#8230;<\/p>\n","protected":false},"author":1527,"featured_media":48376,"comment_status":"closed","ping_status":"closed","sticky":false,"template":"","format":"standard","meta":{"footnotes":""},"categories":[6],"tags":[],"class_list":["post-48375","post","type-post","status-publish","format-standard","has-post-thumbnail","hentry","category-noticias"],"_links":{"self":[{"href":"https:\/\/www.sincomam.org.br\/index.php\/wp-json\/wp\/v2\/posts\/48375","targetHints":{"allow":["GET"]}}],"collection":[{"href":"https:\/\/www.sincomam.org.br\/index.php\/wp-json\/wp\/v2\/posts"}],"about":[{"href":"https:\/\/www.sincomam.org.br\/index.php\/wp-json\/wp\/v2\/types\/post"}],"author":[{"embeddable":true,"href":"https:\/\/www.sincomam.org.br\/index.php\/wp-json\/wp\/v2\/users\/1527"}],"replies":[{"embeddable":true,"href":"https:\/\/www.sincomam.org.br\/index.php\/wp-json\/wp\/v2\/comments?post=48375"}],"version-history":[{"count":1,"href":"https:\/\/www.sincomam.org.br\/index.php\/wp-json\/wp\/v2\/posts\/48375\/revisions"}],"predecessor-version":[{"id":48377,"href":"https:\/\/www.sincomam.org.br\/index.php\/wp-json\/wp\/v2\/posts\/48375\/revisions\/48377"}],"wp:featuredmedia":[{"embeddable":true,"href":"https:\/\/www.sincomam.org.br\/index.php\/wp-json\/wp\/v2\/media\/48376"}],"wp:attachment":[{"href":"https:\/\/www.sincomam.org.br\/index.php\/wp-json\/wp\/v2\/media?parent=48375"}],"wp:term":[{"taxonomy":"category","embeddable":true,"href":"https:\/\/www.sincomam.org.br\/index.php\/wp-json\/wp\/v2\/categories?post=48375"},{"taxonomy":"post_tag","embeddable":true,"href":"https:\/\/www.sincomam.org.br\/index.php\/wp-json\/wp\/v2\/tags?post=48375"}],"curies":[{"name":"wp","href":"https:\/\/api.w.org\/{rel}","templated":true}]}}