{"id":4837,"date":"2014-04-10T08:05:05","date_gmt":"2014-04-10T11:05:05","guid":{"rendered":"http:\/\/www.sincomam.org.br\/?p=4837"},"modified":"2014-04-10T08:37:59","modified_gmt":"2014-04-10T11:37:59","slug":"populacao-de-sp-corre-o-risco-de-enfrentar-racionamento-de-agua","status":"publish","type":"post","link":"https:\/\/www.sincomam.org.br\/index.php\/populacao-de-sp-corre-o-risco-de-enfrentar-racionamento-de-agua\/","title":{"rendered":"Popula\u00e7\u00e3o de SP corre o risco de enfrentar racionamento de \u00e1gua"},"content":{"rendered":"<p><b><i>Representantes dos governos de S\u00e3o Paulo, Rio de Janeiro e Minas Gerais disputam\u00a0o Rio Para\u00edba do Sul<\/i><\/b><\/p>\n<p>O governo paulista corre contra o tempo para aumentar a oferta de \u00e1gua \u00e0 popula\u00e7\u00e3o da regi\u00e3o metropolitana de S\u00e3o Paulo, que est\u00e1 sob o risco de racionamento. O governador Geraldo Alckmin (PSDB) lan\u00e7a na quinta-feira (10), em Vargem Grande Paulista, as obras do Sistema Produtor S\u00e3o Louren\u00e7o, que vai captar \u00e1gua na bacia do Rio Ribeira de Iguape para abastecer a Grande S\u00e3o Paulo<b><i>.<\/i><\/b><\/p>\n<p>O projeto prev\u00ea a constru\u00e7\u00e3o de unidades de capta\u00e7\u00e3o, bombeamento e sistema de adu\u00e7\u00e3o para promover a revers\u00e3o de \u00e1guas do reservat\u00f3rio Cachoeira do Franca, no Rio Juqui\u00e1, no Vale do Ribeira, para a bacia do Rio Tiet\u00ea.<\/p>\n<p>De acordo com o jornal O Estado de S. Paulo, o governador Geraldo Alckmin (PSDB) voltou atr\u00e1s e afirmou, nesta quarta-feira (9), que o racionamento de \u00e1gua na Grande S\u00e3o Paulo n\u00e3o est\u00e1 descartado.<\/p>\n<p>O sistema vai ampliar em 4.700 litros por segundo a capacidade de abastecimento da regi\u00e3o metropolitana, elevando o volume total para 77,7 mil litros por segundo. O investimento superior a R$ 2 bilh\u00f5es ser\u00e3o bancado pelo cons\u00f3rcio privado. As obras ser\u00e3o conclu\u00eddas em 2018.<\/p>\n<p><b>Comprova\u00e7\u00e3o<\/b><\/p>\n<p>Um documento divulgado pela Sabesp cita oficialmente, pela primeira vez, a possibilidade de um rod\u00edzio de \u00e1gua neste ano na regi\u00e3o metropolitana de S\u00e3o Paulo. Metade dessas cidades \u00e9 abastecida pelo Sistema da Cantareira que nesta quarta-feira (9) registrou novo recorde negativo: o n\u00edvel baixou de 12,7% para 12,5%.\u00a0<\/p>\n<p><b>Disputa por \u00e1gua com o Rio de Janeiro<\/b><\/p>\n<p>Representantes dos governos de S\u00e3o Paulo, Rio de Janeiro e Minas Gerais reuniram-se nesta quarta-feira (9), com o presidente da ANA (Ag\u00eancia Nacional de \u00c1guas), Vicente Andreu, em Bras\u00edlia, para discutir a proposta paulista de utilizar o Rio Para\u00edba do Sul para abastecimento da regi\u00e3o metropolitana de S\u00e3o Paulo.<\/p>\n<p>A proposta do governador paulista, Geraldo Alckmin (PSDB), prev\u00ea a constru\u00e7\u00e3o de um canal para interligar a represa do Jaguari, abastecida pelo Para\u00edba, com a de Atibainha, que faz parte do Sistema Cantareira.<\/p>\n<p>O ex-governador do Rio de Janeiro, S\u00e9rgio Cabral, disse que n\u00e3o iria tolerar a falta de \u00e1gua nas torneiras do Rio para abastecer S\u00e3o Paulo.<\/p>\n<p>Fonte: R7 \/ Estad\u00e3o Conte\u00fado<\/p>\n","protected":false},"excerpt":{"rendered":"<p>Representantes dos governos de S\u00e3o Paulo, Rio de Janeiro e Minas Gerais disputam\u00a0o Rio Para\u00edba do Sul O governo paulista corre contra o tempo para&#8230;<\/p>\n","protected":false},"author":1182,"featured_media":4838,"comment_status":"closed","ping_status":"closed","sticky":false,"template":"","format":"standard","meta":{"footnotes":""},"categories":[6],"tags":[452,790,931,451,59,366],"class_list":["post-4837","post","type-post","status-publish","format-standard","has-post-thumbnail","hentry","category-noticias","tag-agua","tag-cantareira","tag-disputa","tag-racionamento","tag-rio-de-janeiro","tag-sao-paulo"],"_links":{"self":[{"href":"https:\/\/www.sincomam.org.br\/index.php\/wp-json\/wp\/v2\/posts\/4837","targetHints":{"allow":["GET"]}}],"collection":[{"href":"https:\/\/www.sincomam.org.br\/index.php\/wp-json\/wp\/v2\/posts"}],"about":[{"href":"https:\/\/www.sincomam.org.br\/index.php\/wp-json\/wp\/v2\/types\/post"}],"author":[{"embeddable":true,"href":"https:\/\/www.sincomam.org.br\/index.php\/wp-json\/wp\/v2\/users\/1182"}],"replies":[{"embeddable":true,"href":"https:\/\/www.sincomam.org.br\/index.php\/wp-json\/wp\/v2\/comments?post=4837"}],"version-history":[{"count":4,"href":"https:\/\/www.sincomam.org.br\/index.php\/wp-json\/wp\/v2\/posts\/4837\/revisions"}],"predecessor-version":[{"id":4842,"href":"https:\/\/www.sincomam.org.br\/index.php\/wp-json\/wp\/v2\/posts\/4837\/revisions\/4842"}],"wp:featuredmedia":[{"embeddable":true,"href":"https:\/\/www.sincomam.org.br\/index.php\/wp-json\/wp\/v2\/media\/4838"}],"wp:attachment":[{"href":"https:\/\/www.sincomam.org.br\/index.php\/wp-json\/wp\/v2\/media?parent=4837"}],"wp:term":[{"taxonomy":"category","embeddable":true,"href":"https:\/\/www.sincomam.org.br\/index.php\/wp-json\/wp\/v2\/categories?post=4837"},{"taxonomy":"post_tag","embeddable":true,"href":"https:\/\/www.sincomam.org.br\/index.php\/wp-json\/wp\/v2\/tags?post=4837"}],"curies":[{"name":"wp","href":"https:\/\/api.w.org\/{rel}","templated":true}]}}