{"id":48346,"date":"2023-11-13T08:17:02","date_gmt":"2023-11-13T11:17:02","guid":{"rendered":"http:\/\/www.sincomam.org.br\/?p=48346"},"modified":"2023-11-13T08:17:02","modified_gmt":"2023-11-13T11:17:02","slug":"portos-e-aeroportos-de-sp-e-rj-recebem-reforco-nas-atividades-de-fiscalizacao","status":"publish","type":"post","link":"https:\/\/www.sincomam.org.br\/index.php\/portos-e-aeroportos-de-sp-e-rj-recebem-reforco-nas-atividades-de-fiscalizacao\/","title":{"rendered":"Portos e aeroportos de SP e RJ recebem refor\u00e7o nas atividades de fiscaliza\u00e7\u00e3o"},"content":{"rendered":"<p>Os Portos de Santos (SP), do Rio de Janeiro e de Itagua\u00ed (RJ) ganharam refor\u00e7o das For\u00e7as Armadas nas opera\u00e7\u00f5es de seguran\u00e7a, controle de acesso e inspe\u00e7\u00e3o das atividades realizadas em seus terminais portu\u00e1rios. Por determina\u00e7\u00e3o do Presidente Luiz In\u00e1cio Lula da Silva, que instituiu no dia 1\u00ba de novembro o decreto de Garantia da Lei e da Ordem (GLO), os tr\u00eas grandes portos brasileiros ampliaram os servi\u00e7os de monitoramento e intelig\u00eancia na entrada e sa\u00edda de bagagens e cargas transportadas.<\/p>\n<p>Conforme o Decreto n\u00ba 11.765, de 1\u00ba de novembro de 2023, as For\u00e7as Armadas ir\u00e3o atuar em a\u00e7\u00f5es integradas com agentes da Pol\u00edcia Federal e Pol\u00edcia Rodovi\u00e1ria Federal at\u00e9 3 de maio de 2024. Durante esse per\u00edodo, as opera\u00e7\u00f5es nos portos funcionar\u00e3o em seus respectivos hor\u00e1rios, sem que haja impactos nas atividades.<\/p>\n<p><strong>A\u00e7\u00e3o nos aeroportos<\/strong><\/p>\n<p>O decreto de Garantia da Lei e da Ordem (GLO) tamb\u00e9m teve in\u00edcio no modal a\u00e9reo. As medidas de intensifica\u00e7\u00e3o na seguran\u00e7a tamb\u00e9m foram implementadas nos aeroportos de Guarulhos (SP) e no Gale\u00e3o (RJ). Nesses terminais, segundo o plano de a\u00e7\u00e3o, haver\u00e1 um comit\u00ea de acompanhamento composto por membros das For\u00e7as Armadas, funcionando sob coordena\u00e7\u00e3o do Minist\u00e9rio da Justi\u00e7a e Minist\u00e9rio da Defesa.<\/p>\n<p><strong>Garantia da Lei<\/strong><\/p>\n<p>A opera\u00e7\u00e3o de Garantia da Lei e da Ordem \u00e9 acionada exclusivamente por determina\u00e7\u00e3o do Presidente da Rep\u00fablica, em \u00e1rea estabelecida e previamente determinada. A GLO \u00e9 prevista no artigo 142 da Constitui\u00e7\u00e3o Federal e \u00e9 aplicada quando ocorre graves situa\u00e7\u00f5es de perturba\u00e7\u00e3o da ordem. Normalmente, \u00e9 decretada quando os governos estaduais pedem ajuda federal.<\/p>\n<p>Fonte: Informativo dos Portos<\/p>\n","protected":false},"excerpt":{"rendered":"<p>Os Portos de Santos (SP), do Rio de Janeiro e de Itagua\u00ed (RJ) ganharam refor\u00e7o das For\u00e7as Armadas nas opera\u00e7\u00f5es de seguran\u00e7a, controle de acesso&#8230;<\/p>\n","protected":false},"author":1527,"featured_media":48347,"comment_status":"closed","ping_status":"closed","sticky":false,"template":"","format":"standard","meta":{"footnotes":""},"categories":[6],"tags":[],"class_list":["post-48346","post","type-post","status-publish","format-standard","has-post-thumbnail","hentry","category-noticias"],"_links":{"self":[{"href":"https:\/\/www.sincomam.org.br\/index.php\/wp-json\/wp\/v2\/posts\/48346","targetHints":{"allow":["GET"]}}],"collection":[{"href":"https:\/\/www.sincomam.org.br\/index.php\/wp-json\/wp\/v2\/posts"}],"about":[{"href":"https:\/\/www.sincomam.org.br\/index.php\/wp-json\/wp\/v2\/types\/post"}],"author":[{"embeddable":true,"href":"https:\/\/www.sincomam.org.br\/index.php\/wp-json\/wp\/v2\/users\/1527"}],"replies":[{"embeddable":true,"href":"https:\/\/www.sincomam.org.br\/index.php\/wp-json\/wp\/v2\/comments?post=48346"}],"version-history":[{"count":1,"href":"https:\/\/www.sincomam.org.br\/index.php\/wp-json\/wp\/v2\/posts\/48346\/revisions"}],"predecessor-version":[{"id":48348,"href":"https:\/\/www.sincomam.org.br\/index.php\/wp-json\/wp\/v2\/posts\/48346\/revisions\/48348"}],"wp:featuredmedia":[{"embeddable":true,"href":"https:\/\/www.sincomam.org.br\/index.php\/wp-json\/wp\/v2\/media\/48347"}],"wp:attachment":[{"href":"https:\/\/www.sincomam.org.br\/index.php\/wp-json\/wp\/v2\/media?parent=48346"}],"wp:term":[{"taxonomy":"category","embeddable":true,"href":"https:\/\/www.sincomam.org.br\/index.php\/wp-json\/wp\/v2\/categories?post=48346"},{"taxonomy":"post_tag","embeddable":true,"href":"https:\/\/www.sincomam.org.br\/index.php\/wp-json\/wp\/v2\/tags?post=48346"}],"curies":[{"name":"wp","href":"https:\/\/api.w.org\/{rel}","templated":true}]}}