{"id":48340,"date":"2023-11-10T09:43:48","date_gmt":"2023-11-10T12:43:48","guid":{"rendered":"http:\/\/www.sincomam.org.br\/?p=48340"},"modified":"2023-11-10T09:43:48","modified_gmt":"2023-11-10T12:43:48","slug":"entenda-as-mudancas-da-reforma-tributaria-no-senado","status":"publish","type":"post","link":"https:\/\/www.sincomam.org.br\/index.php\/entenda-as-mudancas-da-reforma-tributaria-no-senado\/","title":{"rendered":"Entenda as mudan\u00e7as da reforma tribut\u00e1ria no Senado"},"content":{"rendered":"<p>A primeira fase da reforma tribut\u00e1ria, que pretende simplificar e unificar tributos sobre o consumo, deu mais um passo nesta quarta-feira (8) com a\u00a0aprova\u00e7\u00e3o no Senado. O texto volta \u00e0 C\u00e2mara dos Deputados, onde pode ser votado em sua totalidade ou fatiado, com os pontos sem mudan\u00e7as promulgados pelo presidente da C\u00e2mara, Arthur Lira, e o restante sendo votado posteriormente.<img decoding=\"async\" src=\"https:\/\/agenciabrasil.ebc.com.br\/ebc.png?id=1565644&amp;o=node\" \/><img decoding=\"async\" src=\"https:\/\/agenciabrasil.ebc.com.br\/ebc.gif?id=1565644&amp;o=node\" \/><\/p>\n<p>Em meio a uma ofensiva dos governadores do Sul e do Sudeste e a negocia\u00e7\u00f5es de \u00faltima hora, foram inclu\u00eddas exce\u00e7\u00f5es entre os setores que ter\u00e3o al\u00edquota reduzida para 40% da al\u00edquota-padr\u00e3o ou foram inclu\u00eddos em regimes especiais. Um fundo para o desenvolvimento do Amazonas foi ampliado para outros estados da Regi\u00e3o Norte.<\/p>\n<p>Na vota\u00e7\u00e3o na Comiss\u00e3o de Constitui\u00e7\u00e3o e Justi\u00e7a (CCJ), na ter\u00e7a-feira (7), tinha havido mais concess\u00f5es. Foram aprovadas emendas que atenderam a\u00a0times de futebol, taxistas e a governadores do Centro-Oeste.<\/p>\n<p>As mudan\u00e7as principais, no entanto, haviam sido anunciadas pelo\u00a0relator da reforma no Senado, Eduardo Braga (MDB-AM), no fim de outubro. Ele criou uma trava para a carga tribut\u00e1ria, ampliou o Fundo de Desenvolvimento Regional em R$ 20 bilh\u00f5es e incluiu uma revis\u00e3o de regimes especiais a cada cinco anos.<\/p>\n<p>Confira as principais mudan\u00e7as na reforma tribut\u00e1ria no Senado em rela\u00e7\u00e3o ao que havia sido aprovado na C\u00e2mara dos Deputados<\/p>\n<h2>Setores com al\u00edquota reduzida<\/h2>\n<p>\u2022 \u00a0 \u00a0Novos segmentos ter\u00e3o al\u00edquota reduzida para 40% da al\u00edquota-padr\u00e3o do futuro Imposto sobre Valor Adicionado (IVA)<\/p>\n<p>\u2014 \u00a0 \u00a0Comunica\u00e7\u00e3o institucional<\/p>\n<p>\u2014 \u00a0 \u00a0Produtos de limpeza consumidos por fam\u00edlias de baixa renda<\/p>\n<p>\u2014 \u00a0 \u00a0Setor de eventos<\/p>\n<p>\u2014 \u00a0 \u00a0Nutri\u00e7\u00e3o enteral ou parenteral (que previnem ou tratam complica\u00e7\u00f5es da desnutri\u00e7\u00e3o)<\/p>\n<p>\u2022 \u00a0 \u00a0Profissionais liberais com atividades regulamentadas pagar\u00e3o 70% da al\u00edquota do IVA<\/p>\n<p>\u2014 \u00a0 Na pr\u00e1tica, mudan\u00e7a beneficia apenas empresas, escrit\u00f3rios e cl\u00ednicas que faturem mais de R$ 4,8 milh\u00f5es por ano. Isso porque a maior parte dos profissionais aut\u00f4nomos, que ganham abaixo desse valor, est\u00e1 inclu\u00edda no Simples Nacional<\/p>\n<h2>Al\u00edquota zero<\/h2>\n<p>\u2022 \u00a0 \u00a0Seguintes setores passar\u00e3o a n\u00e3o pagar IVA:<\/p>\n<p>\u2014 \u00a0 Servi\u00e7os prestados por Institui\u00e7\u00e3o Cient\u00edfica, Tecnol\u00f3gica e de Inova\u00e7\u00e3o (ICT) sem fins lucrativos<\/p>\n<p>\u2014 \u00a0 Compra de autom\u00f3veis por taxistas<\/p>\n<p>\u2014 \u00a0 Compra de medicamentos e dispositivos m\u00e9dicos pela Administra\u00e7\u00e3o P\u00fablica e por entidades de assist\u00eancia social sem fins lucrativos<\/p>\n<p>\u2014 \u00a0 Reabilita\u00e7\u00e3o urbana de zonas hist\u00f3ricas e de \u00e1reas cr\u00edticas de recupera\u00e7\u00e3o e reconvers\u00e3o urban\u00edstica<\/p>\n<h2>Regimes espec\u00edficos<\/h2>\n<p>\u2022 \u00a0 \u00a0Inclus\u00e3o dos seguintes setores em regimes espec\u00edficos de tributa\u00e7\u00e3o, com tratamento diferenciado na cobran\u00e7a e na coleta de tributos<\/p>\n<p>\u2014 \u00a0 Ag\u00eancias de viagem;<\/p>\n<p>\u2014 \u00a0 Concess\u00e3o de rodovias;<\/p>\n<p>\u2014 \u00a0 Miss\u00f5es diplom\u00e1ticas;<\/p>\n<p>\u2014 \u00a0 Servi\u00e7os de saneamento;<\/p>\n<p>\u2014 \u00a0 Telecomunica\u00e7\u00f5es;<\/p>\n<p>\u2014 \u00a0 Sociedades An\u00f4nimas de Futebol, que ter\u00e3o recolhimento unificado<\/p>\n<p>\u2014 \u00a0 Servi\u00e7os de transporte coletivo intermunicipal e interestadual: migraram da al\u00edquota reduzida para regime espec\u00edfico.<\/p>\n<h2>Revis\u00e3o peri\u00f3dica<\/h2>\n<p>\u2022 \u00a0 \u00a0A cada cinco anos, exce\u00e7\u00f5es ser\u00e3o revisadas, com custo-benef\u00edcio avaliado<\/p>\n<p>\u2014 \u00a0 \u00a0setores beneficiados dever\u00e3o seguir metas de desempenho econ\u00f4micas, sociais e ambientais;<\/p>\n<p>\u2014 \u00a0 \u00a0 dependendo da revis\u00e3o, lei determinar\u00e1 regime de transi\u00e7\u00e3o para a al\u00edquota padr\u00e3o.<\/p>\n<h2>Imposto seletivo<\/h2>\n<p>\u2022 \u00a0 \u00a0Cobran\u00e7a sobre produtos que gerem danos \u00e0 sa\u00fade ou ao meio ambiente;<\/p>\n<p>\u2022 \u00a0 \u00a0Al\u00edquotas definidas por lei;<\/p>\n<p>\u2022 \u00a0 \u00a060% da receita vai para estados e munic\u00edpios;<\/p>\n<p>\u2022 \u00a0 \u00a0Princ\u00edpio da anualidade: cobran\u00e7a s\u00f3 poder\u00e1 come\u00e7ar no ano seguinte \u00e0 san\u00e7\u00e3o da lei;<\/p>\n<p>\u2022 \u00a0 \u00a0Imposto regulat\u00f3rio: n\u00e3o tem objetivo de arrecadar, mas regular mercado e punir condutas prejudiciais;<\/p>\n<p>\u2022 \u00a0 \u00a0Produtos:<\/p>\n<p>\u2014 \u00a0 \u00a0 possibilidade de cobran\u00e7a sobre combust\u00edveis;<\/p>\n<p>\u2014 \u00a0 \u00a0 al\u00edquota de 1% sobre extra\u00e7\u00e3o de recursos naturais n\u00e3o renov\u00e1veis, como min\u00e9rio e petr\u00f3leo;<\/p>\n<p>\u2014 \u00a0 \u00a0 cobran\u00e7a sobre armas e muni\u00e7\u00f5es, exceto as usadas pela administra\u00e7\u00e3o p\u00fablica;<\/p>\n<p>\u2022 \u00a0 \u00a0Exclus\u00e3o da incid\u00eancia sobre:<\/p>\n<p>\u2014 \u00a0 \u00a0 telecomunica\u00e7\u00f5es;<\/p>\n<p>\u2014 \u00a0 \u00a0 energia;<\/p>\n<p>\u2014 \u00a0 \u00a0 produtos que concorrem\u00a0com os produzidos na Zona Franca de Manaus.<\/p>\n<h2>Cesta b\u00e1sica<\/h2>\n<p>\u2022 \u00a0 \u00a0Restri\u00e7\u00e3o do n\u00famero de produtos com al\u00edquota zero, com desmembramento em duas listas a pedido do Minist\u00e9rio da Fazenda:<\/p>\n<p>\u2014 \u00a0 \u00a0 cesta b\u00e1sica nacional, com al\u00edquota zero, e car\u00e1ter de enfrentamento \u00e0 fome;<\/p>\n<p>\u2014 \u00a0 \u00a0 cesta b\u00e1sica estendida, com al\u00edquota reduzida para 40% da al\u00edquota padr\u00e3o e mecanismo de\u00a0<em>cashback<\/em>\u00a0(devolu\u00e7\u00e3o parcial de dinheiro);<\/p>\n<p>\u2014 \u00a0 \u00a0 cesta nacional poder\u00e1 ser regionalizada, com itens definidos por lei complementar.<\/p>\n<p><em>Cashback<\/em>\u00a0para energia e g\u00e1s de cozinha<\/p>\n<p>\u2022 \u00a0 \u00a0Devolu\u00e7\u00e3o obrigat\u00f3ria de parte dos tributos da conta de luz e do botij\u00e3o de g\u00e1s para fam\u00edlias de baixa renda;<\/p>\n<p>\u2022 \u00a0 \u00a0Ressarcimento ocorreria no momento da cobran\u00e7a, entrando como desconto na conta de luz;<\/p>\n<p>\u2022 \u00a0 \u00a0Detalhes a serem regulamentados por lei complementar.<\/p>\n<h2>Trava<\/h2>\n<p>\u2022 \u00a0 \u00a0Teto para manter constante a carga tribut\u00e1ria sobre o consumo;<\/p>\n<p>\u2022 \u00a0 \u00a0Atualmente, esse teto corresponderia a 12,5% do PIB;<\/p>\n<p>\u2022 \u00a0 \u00a0A cada 5 anos, seria aplicada uma f\u00f3rmula que considera a m\u00e9dia da receita dos tributos sobre consumo e servi\u00e7os entre 2012 e 2021;<\/p>\n<p>\u2022 \u00a0 \u00a0F\u00f3rmula ser\u00e1 calculada com base na rela\u00e7\u00e3o entre a receita m\u00e9dia e o Produto Interno Bruto (PIB, bens e servi\u00e7os produzidos no pa\u00eds);<\/p>\n<p>\u2022 \u00a0 \u00a0Caso o limite seja superado, a al\u00edquota de refer\u00eancia ter\u00e1 de cair;<\/p>\n<p>\u2022 \u00a0 \u00a0Redu\u00e7\u00e3o seria calculada pelo Tribunal de Contas da Uni\u00e3o, baseado em dados dos entes federativos e do futuro Comit\u00ea Gestor do IBS.<\/p>\n<h2>Fundo Nacional de Desenvolvimento Regional<\/h2>\n<p>\u2022 \u00a0 \u00a0Fundo que ajudar\u00e1 o desenvolvimento de regi\u00f5es de menor renda;<\/p>\n<p>\u2022 \u00a0 \u00a0Aumento da verba de R$ 40 bilh\u00f5es para R$ 60 bilh\u00f5es anuais;<\/p>\n<p>\u2022 \u00a0 \u00a0Transi\u00e7\u00e3o para o aumento:<\/p>\n<p>\u2022 \u00a0 \u00a0Fundo come\u00e7aria com aportes de R$ 8 bilh\u00f5es em 2029 at\u00e9 chegar a R$ 40 bilh\u00f5es no in\u00edcio de 2034;<\/p>\n<p>\u2022 \u00a0 \u00a0Em 2034, aportes subiriam R$ 2 bilh\u00f5es por ano at\u00e9 atingir R$ 60 bilh\u00f5es em 2043.<\/p>\n<p>\u2022 \u00a0 \u00a0Divis\u00e3o dos recursos:<\/p>\n<p>\u2014 \u00a0 \u00a0 70% pelos crit\u00e9rios do Fundo de Participa\u00e7\u00e3o dos Estados (FPE);<\/p>\n<p>\u2014 \u00a0 \u00a0 30% para estados mais populosos.<\/p>\n<h2>Fundo de Desenvolvimento Sustent\u00e1vel<\/h2>\n<p>\u2022 \u00a0 \u00a0Destinado a estados do Norte com \u00e1reas de livre-com\u00e9rcio<\/p>\n<p>\u2022 \u00a0 \u00a0Inicialmente restrito ao Amazonas, foi ampliado para Acre, Rond\u00f4nia, Roraima e Amap\u00e1<\/p>\n<p>\u2022 \u00a0 \u00a0Mudou de nome para Fundo de Desenvolvimento Sustent\u00e1vel dos Estados da Amaz\u00f4nia Ocidental<\/p>\n<h2>Setor automotivo<\/h2>\n<p>\u2022 \u00a0 \u00a0Prorroga\u00e7\u00e3o at\u00e9 31 de dezembro de 2032 de incentivos tribut\u00e1rios concedidos a montadoras instaladas no Norte, no Nordeste e no Centro-Oeste<\/p>\n<p>\u2022 \u00a0 \u00a0Benef\u00edcio vale apenas para projetos aprovados at\u00e9 31 de dezembro de 2024<\/p>\n<p>\u2022 \u00a0 \u00a0Incentivo n\u00e3o poder\u00e1 ser ampliado<\/p>\n<p>\u2022 \u00a0 \u00a0Vers\u00e3o inicial do relat\u00f3rio no Senado previa benef\u00edcio apenas para produ\u00e7\u00e3o de carros el\u00e9tricos<\/p>\n<p>\u2022 \u00a0 \u00a0Emendas dos senadores Fabiano Contarato (PT-ES) e Carlos Viana (Podemos-MG) estenderam incentivo a montadoras de ve\u00edculos movidos a biodiesel e a ve\u00edculos h\u00edbridos movidos a biodiesel e a gasolina<\/p>\n<p>\u2022 \u00a0 \u00a0Inclus\u00e3o do biodiesel beneficia produtores rurais<\/p>\n<p>\u2022 \u00a0 \u00a0Benef\u00edcio a ser regulamentado por lei complementar<\/p>\n<p>\u2022 \u00a0 \u00a0Amplia\u00e7\u00e3o gerou ofensiva de \u00faltima hora de governadores do Sul e do Sudeste e cr\u00edticas de montadoras tradicionais<\/p>\n<h2>Bancos<\/h2>\n<p>\u2022 \u00a0 \u00a0Manuten\u00e7\u00e3o da carga tribut\u00e1ria das opera\u00e7\u00f5es financeiras em geral;<\/p>\n<p>\u2022 \u00a0 \u00a0Manuten\u00e7\u00e3o da carga tribut\u00e1ria espec\u00edfica das opera\u00e7\u00f5es do FGTS e dos demais fundos garantidores, como Fundo de Arrendamento Residencial (FAR), Fundo Garantidor de Habita\u00e7\u00e3o Popular (FGHab), vinculados ao Minha Casa, Minha Vida, e Fundo de Desenvolvimento Social (FDS)<\/p>\n<h2>Zona Franca de Manaus<\/h2>\n<p>\u2022 \u00a0 \u00a0C\u00e2mara tinha inclu\u00eddo o imposto seletivo sobre produtos concorrentes de fora da regi\u00e3o para manter competitividade da Zona Franca;<\/p>\n<p>\u2022 \u00a0 \u00a0Relator trocou o imposto seletivo por Contribui\u00e7\u00e3o de Interven\u00e7\u00e3o no Dom\u00ednio Econ\u00f4mico (Cide).<\/p>\n<h2>Limites a Unidades da Federa\u00e7\u00e3o<\/h2>\n<p>\u2022 \u00a0 \u00a0Mantido artigo inclu\u00eddo de \u00faltima hora na C\u00e2mara que autoriza estados e Distrito Federal a criar contribui\u00e7\u00e3o sobre produtos prim\u00e1rios e semielaborados para financiar infraestruturas locais, mas foram acrescentadas restri\u00e7\u00f5es:<\/p>\n<p>\u2014 \u00a0 \u00a0 Permiss\u00e3o apenas a fundos estaduais em funcionamento em 30 de abril de 2023<\/p>\n<p>\u2014 \u00a0 \u00a0 Com a regra, apenas Goi\u00e1s, Mato Grosso, Mato Grosso do Sul e Par\u00e1 poder\u00e3o manter contribui\u00e7\u00e3o;<\/p>\n<p>\u2014 \u00a0 \u00a0 Contribui\u00e7\u00e3o s\u00f3 poder\u00e1 ser cobrada at\u00e9 2032, para evitar nova guerra fiscal.<\/p>\n<h2>Fundo de Compensa\u00e7\u00e3o de Benef\u00edcios Fiscais<\/h2>\n<p>\u2022 \u00a0 \u00a0Seguro-receita para compensa\u00e7\u00e3o da perda de arrecada\u00e7\u00e3o dos entes federativos com o fim de incentivos fiscais sobe de 3% para 5% do Imposto sobre Bens e Servi\u00e7os (IBS);<\/p>\n<p>\u2022 \u00a0 \u00a0Mudan\u00e7a atende a pedido dos estados;<\/p>\n<p>\u2022 \u00a0 \u00a0Crit\u00e9rios de reparti\u00e7\u00e3o:<\/p>\n<p>\u2014 \u00a0 \u00a0 estados e munic\u00edpios com maior perda relativa (em termos percentuais) de arrecada\u00e7\u00e3o;<\/p>\n<p>\u2014 \u00a0 \u00a0 receita per capita (por habitante) do fundo n\u00e3o pode exceder tr\u00eas vezes a m\u00e9dia nacional, no caso dos estados, e tr\u00eas vezes a m\u00e9dia dos munic\u00edpios de todo o pa\u00eds, no caso das prefeituras.<\/p>\n<h2>Comit\u00ea Gestor<\/h2>\n<p>\u2022 \u00a0 \u00a0Encarregado de gerir a cobran\u00e7a e a arrecada\u00e7\u00e3o do IBS, Conselho Federativo foi rebatizado de Comit\u00ea Gestor;<\/p>\n<p>\u2022 \u00a0 \u00a0\u00d3rg\u00e3o passar\u00e1 a ter car\u00e1ter exclusivamente t\u00e9cnico, assegurando divis\u00e3o correta dos recursos, sem capacidade de propor regula\u00e7\u00f5es ao Legislativo;<\/p>\n<p>\u2022 \u00a0 \u00a0Presidente do Comit\u00ea Gestor ter\u00e1 de ser sabatinado pelo Senado.<\/p>\n<p>\u2022 \u00a0 \u00a0Congresso poder\u00e1 convocar o presidente do Comit\u00ea Gestor e pedir informa\u00e7\u00f5es, como ocorre com os ministros<\/p>\n<p>\u2022 \u00a0 \u00a0Representa\u00e7\u00e3o do \u00f3rg\u00e3o ser\u00e1 feita por integrantes das carreiras da Administra\u00e7\u00e3o Tribut\u00e1ria e das Procuradorias dos estados, do Distrito Federal e munic\u00edpios.<\/p>\n<p>\u2022 \u00a0 \u00a0Emenda sobre representantes do \u00f3rg\u00e3o acatada a pedido dos Fiscos para impedir cria\u00e7\u00e3o de carreiras e cargos dentro do Comit\u00ea Gestor<\/p>\n<h2>Incentivo a estados e munic\u00edpios<\/h2>\n<p>\u2022 \u00a0 \u00a0Estados e munic\u00edpios que aumentarem arrecada\u00e7\u00e3o ao longo do tempo acima da m\u00e9dia dos demais entes receber\u00e3o maior parcela do Imposto sobre Bens e Servi\u00e7os (IBS), de compet\u00eancia dos estados e dos munic\u00edpios<\/p>\n<p>\u2022 \u00a0 \u00a0Medida cria est\u00edmulos para gestores locais melhorarem efici\u00eancia da arrecada\u00e7\u00e3o<\/p>\n<p>\u2022 \u00a0 \u00a0Incentivo quer evitar \u201ccaroneiros\u201d, governadores e prefeitos que peguem carona na divis\u00e3o do IBS durante a transi\u00e7\u00e3o sem se esfor\u00e7arem para aumentar arrecada\u00e7\u00e3o pr\u00f3pria, porque a parcela de cada um estar\u00e1 estabelecida ap\u00f3s 2028<\/p>\n<p>Fonte: Ag\u00eancia Brasil<\/p>\n","protected":false},"excerpt":{"rendered":"<p>A primeira fase da reforma tribut\u00e1ria, que pretende simplificar e unificar tributos sobre o consumo, deu mais um passo nesta quarta-feira (8) com a\u00a0aprova\u00e7\u00e3o no&#8230;<\/p>\n","protected":false},"author":1527,"featured_media":48341,"comment_status":"closed","ping_status":"closed","sticky":false,"template":"","format":"standard","meta":{"footnotes":""},"categories":[6],"tags":[],"class_list":["post-48340","post","type-post","status-publish","format-standard","has-post-thumbnail","hentry","category-noticias"],"_links":{"self":[{"href":"https:\/\/www.sincomam.org.br\/index.php\/wp-json\/wp\/v2\/posts\/48340","targetHints":{"allow":["GET"]}}],"collection":[{"href":"https:\/\/www.sincomam.org.br\/index.php\/wp-json\/wp\/v2\/posts"}],"about":[{"href":"https:\/\/www.sincomam.org.br\/index.php\/wp-json\/wp\/v2\/types\/post"}],"author":[{"embeddable":true,"href":"https:\/\/www.sincomam.org.br\/index.php\/wp-json\/wp\/v2\/users\/1527"}],"replies":[{"embeddable":true,"href":"https:\/\/www.sincomam.org.br\/index.php\/wp-json\/wp\/v2\/comments?post=48340"}],"version-history":[{"count":1,"href":"https:\/\/www.sincomam.org.br\/index.php\/wp-json\/wp\/v2\/posts\/48340\/revisions"}],"predecessor-version":[{"id":48342,"href":"https:\/\/www.sincomam.org.br\/index.php\/wp-json\/wp\/v2\/posts\/48340\/revisions\/48342"}],"wp:featuredmedia":[{"embeddable":true,"href":"https:\/\/www.sincomam.org.br\/index.php\/wp-json\/wp\/v2\/media\/48341"}],"wp:attachment":[{"href":"https:\/\/www.sincomam.org.br\/index.php\/wp-json\/wp\/v2\/media?parent=48340"}],"wp:term":[{"taxonomy":"category","embeddable":true,"href":"https:\/\/www.sincomam.org.br\/index.php\/wp-json\/wp\/v2\/categories?post=48340"},{"taxonomy":"post_tag","embeddable":true,"href":"https:\/\/www.sincomam.org.br\/index.php\/wp-json\/wp\/v2\/tags?post=48340"}],"curies":[{"name":"wp","href":"https:\/\/api.w.org\/{rel}","templated":true}]}}