{"id":48337,"date":"2023-11-10T09:42:20","date_gmt":"2023-11-10T12:42:20","guid":{"rendered":"http:\/\/www.sincomam.org.br\/?p=48337"},"modified":"2023-11-10T09:42:20","modified_gmt":"2023-11-10T12:42:20","slug":"jovens-descobrem-o-mar-visita-ao-navio-patrulha-grauna-inspira-e-educa-futuras-geracoes","status":"publish","type":"post","link":"https:\/\/www.sincomam.org.br\/index.php\/jovens-descobrem-o-mar-visita-ao-navio-patrulha-grauna-inspira-e-educa-futuras-geracoes\/","title":{"rendered":"Jovens Descobrem o Mar: Visita ao Navio-Patrulha \u201cGra\u00fana\u201d Inspira e Educa Futuras Gera\u00e7\u00f5es"},"content":{"rendered":"<p>Em uma manh\u00e3 de c\u00e9u claro e brisa mar\u00edtima, o\u00a0Navio-Patrulha \u201cGra\u00fana\u201d\u00a0tornou-se sala de aula para um grupo de jovens estudantes. No dia 26 de outubro, o conv\u00e9s do navio foi ocupado por olhares curiosos e mentes \u00e1vidas por conhecimento. Vinte e seis alunos e cinco monitores do\u00a0Programa Segundo Tempo \u2013 For\u00e7as no Esporte (PROFESP)\u00a0foram recebidos pela tripula\u00e7\u00e3o com a miss\u00e3o de desvendar os mist\u00e9rios do mar e da defesa nacional.<\/p>\n<p>O PROFESP, um programa que transcende as atividades f\u00edsicas, tem como meta a\u00a0forma\u00e7\u00e3o integral\u00a0dos jovens. Al\u00e9m do esporte, busca-se a valoriza\u00e7\u00e3o pessoal, a redu\u00e7\u00e3o de vulnerabilidades sociais e o fortalecimento dos pilares da cidadania. \u00c9 uma ponte entre a vida civil e o universo militar, onde as\u00a0organiza\u00e7\u00f5es militares\u00a0se tornam um espa\u00e7o de crescimento e aprendizado.<\/p>\n<p>Durante a visita, os alunos n\u00e3o apenas conheceram a estrutura f\u00edsica do navio, mas tamb\u00e9m mergulharam nas tradi\u00e7\u00f5es navais. A\u00a0Marinha do Brasil, mais do que uma institui\u00e7\u00e3o de defesa, revelou-se como uma guardi\u00e3 de valores e hist\u00f3ria. O \u201cGra\u00fana\u201d, com seus equipamentos de ponta, simboliza a vigil\u00e2ncia constante nas \u00e1guas da\u00a0Amaz\u00f4nia Azul, \u00e1rea que representa a soberania nacional nos vastos mares.<\/p>\n<div class=\"td-a-rec td-a-rec-id-content_inline tdi_2 td_block_template_11\">\n<p>O evento foi mais do que uma simples excurs\u00e3o; foi um ato de integra\u00e7\u00e3o social e de reafirma\u00e7\u00e3o do compromisso da Marinha\u00a0com o futuro do pa\u00eds. Atrav\u00e9s dessas visitas, os jovens podem vislumbrar novos horizontes e, quem sabe, sonhar com uma carreira dedicada \u00e0 seguran\u00e7a e \u00e0 defesa da na\u00e7\u00e3o. Afinal, o conhecimento sobre as for\u00e7as armadas e a seguran\u00e7a p\u00fablica \u00e9 essencial para a constru\u00e7\u00e3o de uma sociedade mais informada e engajada.<\/p>\n<\/div>\n<p>Fonte: Defesa em Foco<\/p>\n","protected":false},"excerpt":{"rendered":"<p>Em uma manh\u00e3 de c\u00e9u claro e brisa mar\u00edtima, o\u00a0Navio-Patrulha \u201cGra\u00fana\u201d\u00a0tornou-se sala de aula para um grupo de jovens estudantes. No dia 26 de outubro,&#8230;<\/p>\n","protected":false},"author":1527,"featured_media":48338,"comment_status":"closed","ping_status":"closed","sticky":false,"template":"","format":"standard","meta":{"footnotes":""},"categories":[6],"tags":[],"class_list":["post-48337","post","type-post","status-publish","format-standard","has-post-thumbnail","hentry","category-noticias"],"_links":{"self":[{"href":"https:\/\/www.sincomam.org.br\/index.php\/wp-json\/wp\/v2\/posts\/48337","targetHints":{"allow":["GET"]}}],"collection":[{"href":"https:\/\/www.sincomam.org.br\/index.php\/wp-json\/wp\/v2\/posts"}],"about":[{"href":"https:\/\/www.sincomam.org.br\/index.php\/wp-json\/wp\/v2\/types\/post"}],"author":[{"embeddable":true,"href":"https:\/\/www.sincomam.org.br\/index.php\/wp-json\/wp\/v2\/users\/1527"}],"replies":[{"embeddable":true,"href":"https:\/\/www.sincomam.org.br\/index.php\/wp-json\/wp\/v2\/comments?post=48337"}],"version-history":[{"count":1,"href":"https:\/\/www.sincomam.org.br\/index.php\/wp-json\/wp\/v2\/posts\/48337\/revisions"}],"predecessor-version":[{"id":48339,"href":"https:\/\/www.sincomam.org.br\/index.php\/wp-json\/wp\/v2\/posts\/48337\/revisions\/48339"}],"wp:featuredmedia":[{"embeddable":true,"href":"https:\/\/www.sincomam.org.br\/index.php\/wp-json\/wp\/v2\/media\/48338"}],"wp:attachment":[{"href":"https:\/\/www.sincomam.org.br\/index.php\/wp-json\/wp\/v2\/media?parent=48337"}],"wp:term":[{"taxonomy":"category","embeddable":true,"href":"https:\/\/www.sincomam.org.br\/index.php\/wp-json\/wp\/v2\/categories?post=48337"},{"taxonomy":"post_tag","embeddable":true,"href":"https:\/\/www.sincomam.org.br\/index.php\/wp-json\/wp\/v2\/tags?post=48337"}],"curies":[{"name":"wp","href":"https:\/\/api.w.org\/{rel}","templated":true}]}}