{"id":48314,"date":"2023-11-09T09:20:56","date_gmt":"2023-11-09T12:20:56","guid":{"rendered":"http:\/\/www.sincomam.org.br\/?p=48314"},"modified":"2023-11-09T09:21:05","modified_gmt":"2023-11-09T12:21:05","slug":"reforma-tributaria-pode-ser-promulgada-ainda-este-ano-diz-haddad","status":"publish","type":"post","link":"https:\/\/www.sincomam.org.br\/index.php\/reforma-tributaria-pode-ser-promulgada-ainda-este-ano-diz-haddad\/","title":{"rendered":"Reforma tribut\u00e1ria pode ser promulgada ainda este ano, diz Haddad"},"content":{"rendered":"<p>Apesar do prazo curto e da necessidade de uma nova vota\u00e7\u00e3o na C\u00e2mara dos Deputados, a reforma tribut\u00e1ria tem chances de ser promulgada ainda este ano, disse agora \u00e0 noite o ministro da Fazenda, Fernando Haddad. Ele comentou a\u00a0aprova\u00e7\u00e3o da proposta em primeiro turno no Senado\u00a0e se disse confiante na nova etapa da tramita\u00e7\u00e3o no Congresso.<img decoding=\"async\" src=\"https:\/\/agenciabrasil.ebc.com.br\/ebc.png?id=1565425&amp;o=node\" \/><img decoding=\"async\" src=\"https:\/\/agenciabrasil.ebc.com.br\/ebc.gif?id=1565425&amp;o=node\" \/><\/p>\n<p>Haddad agradeceu aos senadores e deu nota 7,5 para o texto. \u201cN\u00e3o \u00e9 nota 10, mas vai trazer investimentos para o Brasil e aumentar nossas exporta\u00e7\u00f5es\u201d, disse. O ministro, no entanto, elogiou o dispositivo inclu\u00eddo pelo Senado que permitir\u00e1 a revis\u00e3o de regimes especiais a cada cinco anos. Segundo ele, a revis\u00e3o peri\u00f3dica poder\u00e1 fazer a reforma tribut\u00e1ria chegar \u00e0 nota 10.<\/p>\n<p>Sobre o placar de 53 votos a 24 no plen\u00e1rio do Senado, apenas quatro votos a mais que o necess\u00e1rio, Haddad diz que a margem de folga poderia ser maior caso o debate n\u00e3o tivesse sido politizado.<\/p>\n<p>\u201cHouve muita atua\u00e7\u00e3o por parte da oposi\u00e7\u00e3o contra reforma. Na minha opini\u00e3o, isso polarizou um pouco o debate, que \u00e9 uma quest\u00e3o de Brasil. A proposta da emenda constitucional sequer foi apresentada nesse governo. J\u00e1 vem tramitando desde 2019, mas eu quero crer que se n\u00f3s colocarmos o Brasil acima disso, dessas disputas, n\u00f3s podemos inclusive ampliar esse placar\u201d, acrescentou o ministro.<\/p>\n<p>Relator da PEC, o senador Eduardo Braga (MDB-AM) disse que o momento \u00e9 hist\u00f3rico.<\/p>\n<p>O secret\u00e1rio extraordin\u00e1rio da Reforma Tribut\u00e1ria do Minist\u00e9rio da Fazenda, Bernard Appy, se disse extremamente contente com a aprova\u00e7\u00e3o no Senado, mesmo com o placar apertado. \u201cEstou extremamente feliz. Preferia um placar mais folgado, mas foi\u201d, declarou logo ap\u00f3s a vota\u00e7\u00e3o.<\/p>\n<h2>Segundo turno<\/h2>\n<p>O Senado iniciou h\u00e1 pouco\u00a0a vota\u00e7\u00e3o da PEC em segundo turno. Durante a vota\u00e7\u00e3o dos destaques no primeiro turno, apenas uma emenda foi aprovada, ap\u00f3s acordo com Braga. De autoria do senador Mecias de Jesus (Republicanos-RR), o destaque estende a vig\u00eancia do Fundo de Sustentabilidade e Diversifica\u00e7\u00e3o Econ\u00f4mica do Estado do Amazonas para os demais estados da Regi\u00e3o Norte.<\/p>\n<p>Fonte: Ag\u00eancia Brasil<\/p>\n","protected":false},"excerpt":{"rendered":"<p>Apesar do prazo curto e da necessidade de uma nova vota\u00e7\u00e3o na C\u00e2mara dos Deputados, a reforma tribut\u00e1ria tem chances de ser promulgada ainda este&#8230;<\/p>\n","protected":false},"author":1527,"featured_media":48315,"comment_status":"closed","ping_status":"closed","sticky":false,"template":"","format":"standard","meta":{"footnotes":""},"categories":[6],"tags":[],"class_list":["post-48314","post","type-post","status-publish","format-standard","has-post-thumbnail","hentry","category-noticias"],"_links":{"self":[{"href":"https:\/\/www.sincomam.org.br\/index.php\/wp-json\/wp\/v2\/posts\/48314","targetHints":{"allow":["GET"]}}],"collection":[{"href":"https:\/\/www.sincomam.org.br\/index.php\/wp-json\/wp\/v2\/posts"}],"about":[{"href":"https:\/\/www.sincomam.org.br\/index.php\/wp-json\/wp\/v2\/types\/post"}],"author":[{"embeddable":true,"href":"https:\/\/www.sincomam.org.br\/index.php\/wp-json\/wp\/v2\/users\/1527"}],"replies":[{"embeddable":true,"href":"https:\/\/www.sincomam.org.br\/index.php\/wp-json\/wp\/v2\/comments?post=48314"}],"version-history":[{"count":2,"href":"https:\/\/www.sincomam.org.br\/index.php\/wp-json\/wp\/v2\/posts\/48314\/revisions"}],"predecessor-version":[{"id":48317,"href":"https:\/\/www.sincomam.org.br\/index.php\/wp-json\/wp\/v2\/posts\/48314\/revisions\/48317"}],"wp:featuredmedia":[{"embeddable":true,"href":"https:\/\/www.sincomam.org.br\/index.php\/wp-json\/wp\/v2\/media\/48315"}],"wp:attachment":[{"href":"https:\/\/www.sincomam.org.br\/index.php\/wp-json\/wp\/v2\/media?parent=48314"}],"wp:term":[{"taxonomy":"category","embeddable":true,"href":"https:\/\/www.sincomam.org.br\/index.php\/wp-json\/wp\/v2\/categories?post=48314"},{"taxonomy":"post_tag","embeddable":true,"href":"https:\/\/www.sincomam.org.br\/index.php\/wp-json\/wp\/v2\/tags?post=48314"}],"curies":[{"name":"wp","href":"https:\/\/api.w.org\/{rel}","templated":true}]}}