{"id":48311,"date":"2023-11-09T08:47:56","date_gmt":"2023-11-09T11:47:56","guid":{"rendered":"http:\/\/www.sincomam.org.br\/?p=48311"},"modified":"2023-11-09T08:47:56","modified_gmt":"2023-11-09T11:47:56","slug":"saiba-como-e-a-atuacao-da-marinha-na-glo-do-mar-em-santos","status":"publish","type":"post","link":"https:\/\/www.sincomam.org.br\/index.php\/saiba-como-e-a-atuacao-da-marinha-na-glo-do-mar-em-santos\/","title":{"rendered":"Saiba como \u00e9 a atua\u00e7\u00e3o da Marinha na GLO do MAR em Santos"},"content":{"rendered":"<div class=\"rtejustify\">O patrulhamento e a fiscaliza\u00e7\u00e3o est\u00e3o refor\u00e7ados, desde a segunda-feira (06), nos acessos ao Porto de Santos, com o in\u00edcio da Opera\u00e7\u00e3o de Garantia da Lei e da Ordem (GLO) decretada pelo Governo Federal. Com 535 militares empregados na regi\u00e3o, a Marinha do Brasil (MB) realiza revistas de pessoal e ve\u00edculos, em a\u00e7\u00f5es preventivas e repressivas no combate ao tr\u00e1fico de drogas e armas, al\u00e9m de outros delitos. As opera\u00e7\u00f5es na regi\u00e3o contam com o apoio de meios navais e de Fuzileiros Navais da MB.<\/div>\n<div class=\"rtejustify\"><\/div>\n<div class=\"rtejustify\">Em articula\u00e7\u00e3o com \u00f3rg\u00e3os de seguran\u00e7a p\u00fablica, os militares da MB realizam a fiscaliza\u00e7\u00e3o do tr\u00e1fego mar\u00edtimo; inspe\u00e7\u00e3o de ve\u00edculos de carga utilizando c\u00e3es de faro; busca de explosivos; patrulha com ve\u00edculos blindados, nas ruas internas do porto; al\u00e9m do emprego de detectores de metal e de mergulhadores para inspe\u00e7\u00e3o dos cascos de navios.<\/div>\n<div class=\"rtejustify\"><\/div>\n<div class=\"rtejustify\">De acordo com o Comandante do Grupo-Tarefa em Santos, Contra-Almirante (Fuzileiro Naval) Elson Luiz de Oliveira G\u00f3is, as a\u00e7\u00f5es de fortalecimento da seguran\u00e7a ocorrer\u00e3o de forma ininterrupta durante todo o per\u00edodo da GLO e preservar\u00e3o a rotina no Porto de Santos. \u201cAs caracter\u00edsticas de mobilidade e perman\u00eancia do Poder Naval conferem \u00e0 Marinha do Brasil a capacidade de atuar de forma singular nessa Opera\u00e7\u00e3o de Emprego Limitado da For\u00e7a. Come\u00e7amos com foco preventivo e atuaremos tamb\u00e9m na repress\u00e3o ao tr\u00e1fico de armas, de drogas e il\u00edcitos em geral, conforme prev\u00ea o Decreto Presidencial, tudo de forma integrada com as demais For\u00e7as participantes\u201d, explicou.<\/div>\n<div class=\"rtejustify\"><\/div>\n<div class=\"rtejustify\">O Capit\u00e3o dos Portos de S\u00e3o Paulo e Chefe do Estado-Maior do Grupo-Tarefa em Santos, Capit\u00e3o de Mar e Guerra Robledo de Lemos Costa e S\u00e1, ressaltou, ainda, a utiliza\u00e7\u00e3o de equipamentos de ponta na opera\u00e7\u00e3o. \u201cOs equipamentos de alta tecnologia dos navios envolvidos, como sensores, radares, c\u00e2mera de imagem t\u00e9rmica e al\u00e7a optr\u00f4nica aperfei\u00e7oam a fiscaliza\u00e7\u00e3o de navios e embarca\u00e7\u00f5es, conferindo grande capacidade de detec\u00e7\u00e3o e compila\u00e7\u00e3o do quadro t\u00e1tico, al\u00e9m da consci\u00eancia situacional no momento de cada abordagem\u201d.<\/div>\n<div class=\"rtejustify\"><strong>Entenda o que \u00e9 GLO<\/strong><br \/>\nA Opera\u00e7\u00e3o de Garantia da Lei e da Ordem \u00e9 realizada exclusivamente por determina\u00e7\u00e3o do Presidente da Rep\u00fablica, em \u00e1rea estabelecida e por tempo determinado. \u00c9 prevista no artigo 142 da Constitui\u00e7\u00e3o Federal, em casos em que h\u00e1 o esgotamento das for\u00e7as tradicionais de seguran\u00e7a p\u00fablica, como as estaduais Pol\u00edcia Militar e Pol\u00edcia Civil, em graves situa\u00e7\u00f5es de perturba\u00e7\u00e3o da ordem. Normalmente, \u00e9 decretada quando os governos estaduais pedem ajuda federal.<\/div>\n<div class=\"rtejustify\"><\/div>\n<div class=\"rtejustify\">A GLO atribui, aos militares das For\u00e7as Armadas, poder de pol\u00edcia at\u00e9 o restabelecimento da normalidade, buscando preservar a ordem p\u00fablica, a integridade da popula\u00e7\u00e3o e o funcionamento regular das institui\u00e7\u00f5es.<\/div>\n<div class=\"rtejustify\"><\/div>\n<div class=\"rtejustify\"><strong>Atua\u00e7\u00e3o das For\u00e7as Armadas<\/strong><br \/>\nAs For\u00e7as Armadas atuam em opera\u00e7\u00f5es de GLO desde a d\u00e9cada de 1990. A primeira aconteceu em junho de 1992, no Rio de Janeiro, durante a Confer\u00eancia das Na\u00e7\u00f5es Unidas sobre o Meio Ambiente e Desenvolvimento, a ECO-92, com objetivo de contribuir para a seguran\u00e7a p\u00fablica.<\/div>\n<div class=\"rtejustify\"><\/div>\n<div class=\"rtejustify\">Esse tipo de opera\u00e7\u00e3o tamb\u00e9m foi empregada na Confer\u00eancia das Na\u00e7\u00f5es Unidas para o Desenvolvimento Sustent\u00e1vel (Rio +20), em 2012; na Copa das Confedera\u00e7\u00f5es e na visita do Papa Francisco a Aparecida (SP), em 2013; na Copa do Mundo, em 2014; e nos Jogos Ol\u00edmpicos, em 2016.<\/div>\n<div class=\"rtejustify\"><\/div>\n<div class=\"rtejustify\">No Rio de Janeiro, a \u00faltima opera\u00e7\u00e3o foi realizada entre 2017 e 2018, durante Interven\u00e7\u00e3o Federal, que teve o objetivo de diminuir a criminalidade e fortalecer as institui\u00e7\u00f5es da \u00e1rea de seguran\u00e7a p\u00fablica do estado do Rio de Janeiro.<\/div>\n<div class=\"rtejustify\"><\/div>\n<div class=\"rtejustify\"><strong>Meios empregados em Santos<\/strong><\/div>\n<div class=\"rtejustify\">Navio-Patrulha Oce\u00e2nico \u201cApa\u201d<br \/>\nNavio-Patrulha \u201cMaracan\u00e3\u201d<br \/>\nAviso de Patrulha \u201cBarracuda\u201d<br \/>\nLanchas de Apoio ao Ensino e Patrulha<br \/>\nViaturas Blindadas Sob Roda Piranha<br \/>\nViaturas Pesadas ATEGO<br \/>\nViaturas Pesadas UNIMOG<br \/>\nViaturas Leves L-200<br \/>\nViaturas Leves Land Rover<\/div>\n<div><\/div>\n<div class=\"rtejustify\">Fonte: Ag\u00eancia Marinha de Not\u00edcias<\/div>\n","protected":false},"excerpt":{"rendered":"<p>O patrulhamento e a fiscaliza\u00e7\u00e3o est\u00e3o refor\u00e7ados, desde a segunda-feira (06), nos acessos ao Porto de Santos, com o in\u00edcio da Opera\u00e7\u00e3o de Garantia da&#8230;<\/p>\n","protected":false},"author":1527,"featured_media":48312,"comment_status":"closed","ping_status":"closed","sticky":false,"template":"","format":"standard","meta":{"footnotes":""},"categories":[6],"tags":[],"class_list":["post-48311","post","type-post","status-publish","format-standard","has-post-thumbnail","hentry","category-noticias"],"_links":{"self":[{"href":"https:\/\/www.sincomam.org.br\/index.php\/wp-json\/wp\/v2\/posts\/48311","targetHints":{"allow":["GET"]}}],"collection":[{"href":"https:\/\/www.sincomam.org.br\/index.php\/wp-json\/wp\/v2\/posts"}],"about":[{"href":"https:\/\/www.sincomam.org.br\/index.php\/wp-json\/wp\/v2\/types\/post"}],"author":[{"embeddable":true,"href":"https:\/\/www.sincomam.org.br\/index.php\/wp-json\/wp\/v2\/users\/1527"}],"replies":[{"embeddable":true,"href":"https:\/\/www.sincomam.org.br\/index.php\/wp-json\/wp\/v2\/comments?post=48311"}],"version-history":[{"count":1,"href":"https:\/\/www.sincomam.org.br\/index.php\/wp-json\/wp\/v2\/posts\/48311\/revisions"}],"predecessor-version":[{"id":48313,"href":"https:\/\/www.sincomam.org.br\/index.php\/wp-json\/wp\/v2\/posts\/48311\/revisions\/48313"}],"wp:featuredmedia":[{"embeddable":true,"href":"https:\/\/www.sincomam.org.br\/index.php\/wp-json\/wp\/v2\/media\/48312"}],"wp:attachment":[{"href":"https:\/\/www.sincomam.org.br\/index.php\/wp-json\/wp\/v2\/media?parent=48311"}],"wp:term":[{"taxonomy":"category","embeddable":true,"href":"https:\/\/www.sincomam.org.br\/index.php\/wp-json\/wp\/v2\/categories?post=48311"},{"taxonomy":"post_tag","embeddable":true,"href":"https:\/\/www.sincomam.org.br\/index.php\/wp-json\/wp\/v2\/tags?post=48311"}],"curies":[{"name":"wp","href":"https:\/\/api.w.org\/{rel}","templated":true}]}}