{"id":48295,"date":"2023-11-08T07:53:34","date_gmt":"2023-11-08T10:53:34","guid":{"rendered":"http:\/\/www.sincomam.org.br\/?p=48295"},"modified":"2023-11-08T07:53:34","modified_gmt":"2023-11-08T10:53:34","slug":"ministro-do-tse-condena-bolsonaro-a-inelegibilidade-pela-terceira-vez","status":"publish","type":"post","link":"https:\/\/www.sincomam.org.br\/index.php\/ministro-do-tse-condena-bolsonaro-a-inelegibilidade-pela-terceira-vez\/","title":{"rendered":"Ministro do TSE condena Bolsonaro \u00e0 inelegibilidade pela terceira vez"},"content":{"rendered":"<p>O ministro Benedito Gon\u00e7alves, do Tribunal Superior Eleitoral (TSE), decidiu condenar o ex-presidente Jair Bolsonaro \u00e0 inelegibilidade pela terceira vez. A decis\u00e3o foi publicada ontem (6). O caso diz respeito ao abuso de poder durante as comemora\u00e7\u00f5es do 7 de setembro de 2022.<img decoding=\"async\" src=\"https:\/\/agenciabrasil.ebc.com.br\/ebc.png?id=1564987&amp;o=node\" \/><img decoding=\"async\" src=\"https:\/\/agenciabrasil.ebc.com.br\/ebc.gif?id=1564987&amp;o=node\" \/><\/p>\n<p>Cada condena\u00e7\u00e3o corresponde a oito anos sem poder se candidatar. Contudo, o prazo n\u00e3o se acumula, ou seja, deve ser contado apenas uma vez, a partir da data do segundo turno das Elei\u00e7\u00f5es Gerais de 2022. Dessa maneira O ex-presidente continua impedido de participar das elei\u00e7\u00f5es at\u00e9 2030.<\/p>\n<p>Walter Braga Netto, candidato a vice na chapa de Bolsonaro nas elei\u00e7\u00f5es de 2022, tamb\u00e9m foi condenado \u00e0 mesma pena, pela segunda vez.<\/p>\n<p>A poucos dias de terminar seu mandato como corregedor-geral Eleitoral no TSE, Benedito Gon\u00e7alves aplicou o entendimento do plen\u00e1rio em an\u00e1lise anterior envolvendo os mesmos fatos. Ele afirmou que, ap\u00f3s o julgamento, ficaram \u201ccomprovadas\u201d as condutas abusivas de ambos nas comemora\u00e7\u00f5es do Bicenten\u00e1rio da Independ\u00eancia.<\/p>\n<p>O ministro determinou \u201ca comunica\u00e7\u00e3o imediata desta decis\u00e3o \u00e0 Secretaria da Corregedoria-Geral Eleitoral para que promova a devida anota\u00e7\u00e3o no hist\u00f3rico de Jair Messias Bolsonaro e de Walter Souza Braga Netto, no Cadastro Eleitoral, da hip\u00f3tese de restri\u00e7\u00e3o \u00e0 sua capacidade eleitoral passiva, tamb\u00e9m em fun\u00e7\u00e3o desta A\u00e7\u00e3o de Investiga\u00e7\u00e3o Judicial Eleitoral (Aije)\u201d.<\/p>\n<p>Protocolada pela coliga\u00e7\u00e3o Brasil da Esperan\u00e7a, que apoiou o presidente Luiz In\u00e1cio Lula da Silva na campanha, essa a\u00e7\u00e3o de investiga\u00e7\u00e3o judicial eleitoral (Aije) tramita em separado e envolve tamb\u00e9m outras 15 pessoas. Em rela\u00e7\u00e3o aos outros investigados, Gon\u00e7alves autorizou uma s\u00e9rie de medidas para dar andamento ao processo.<\/p>\n<p>O ministro, entretanto, decidiu antecipar a condena\u00e7\u00e3o de Bolsonaro e Braga Netto afirmando terem ficado \u201ccomprovadas\u201d as condutas abusivas de ambos nas comemora\u00e7\u00f5es do Bicenten\u00e1rio da Independ\u00eancia\u201d.<\/p>\n<h2>Entenda<\/h2>\n<p>No m\u00eas passado, o plen\u00e1rio do TSE conclui por maioria de 5 a 2 ter havido uso eleitoreiro do aparato estatal por Bolsonaro e Braga Netto durante as comemora\u00e7\u00f5es do 7 de setembro.<\/p>\n<p>Na ocasi\u00e3o, Gon\u00e7alves citou, entre as acusa\u00e7\u00f5es\u00a0usando a faixa presidencial, antes do in\u00edcio do desfile em Bras\u00edlia, bem como a autoriza\u00e7\u00e3o do governo para que tratores de agricultores apoiadores do ex-presidente participassem do desfile militar.<\/p>\n<p>O ministro tamb\u00e9m citou a participa\u00e7\u00e3o do empres\u00e1rio Luciano Hang, conhecido apoiador de Bolsonaro, no palanque oficial e a autoriza\u00e7\u00e3o para entrada de um trio el\u00e9trico na Esplanada dos Minist\u00e9rios para realiza\u00e7\u00e3o do com\u00edcio do ent\u00e3o presidente ap\u00f3s o desfile.<\/p>\n<p>No Rio de Janeiro, segundo o relator, as irregularidades ocorreram com o deslocamento de Bolsonaro, no avi\u00e3o presidencial, para participar de outro com\u00edcio, paralelo ao evento c\u00edvico-militar, e pela transfer\u00eancia in\u00e9dita do desfile militar do centro da cidade para a orla da praia de Copacabana, local que se caracterizou pela presen\u00e7a de apoiadores de Bolsonaro durante a campanha eleitoral.<\/p>\n<p>Tamb\u00e9m votaram pelas condena\u00e7\u00f5es os ministros Floriano de Azevedo Marques, Andr\u00e9 Ramos Tavares, C\u00e1rmen L\u00facia e Alexandre de Moraes.<\/p>\n<p>Os ministros Raul Ara\u00fajo e Nunes Marques votaram pela rejei\u00e7\u00e3o das acusa\u00e7\u00f5es.<\/p>\n<p>Fonte: Ag\u00eancia Brasil<\/p>\n","protected":false},"excerpt":{"rendered":"<p>O ministro Benedito Gon\u00e7alves, do Tribunal Superior Eleitoral (TSE), decidiu condenar o ex-presidente Jair Bolsonaro \u00e0 inelegibilidade pela terceira vez. A decis\u00e3o foi publicada ontem&#8230;<\/p>\n","protected":false},"author":1527,"featured_media":48296,"comment_status":"closed","ping_status":"closed","sticky":false,"template":"","format":"standard","meta":{"footnotes":""},"categories":[6],"tags":[],"class_list":["post-48295","post","type-post","status-publish","format-standard","has-post-thumbnail","hentry","category-noticias"],"_links":{"self":[{"href":"https:\/\/www.sincomam.org.br\/index.php\/wp-json\/wp\/v2\/posts\/48295","targetHints":{"allow":["GET"]}}],"collection":[{"href":"https:\/\/www.sincomam.org.br\/index.php\/wp-json\/wp\/v2\/posts"}],"about":[{"href":"https:\/\/www.sincomam.org.br\/index.php\/wp-json\/wp\/v2\/types\/post"}],"author":[{"embeddable":true,"href":"https:\/\/www.sincomam.org.br\/index.php\/wp-json\/wp\/v2\/users\/1527"}],"replies":[{"embeddable":true,"href":"https:\/\/www.sincomam.org.br\/index.php\/wp-json\/wp\/v2\/comments?post=48295"}],"version-history":[{"count":1,"href":"https:\/\/www.sincomam.org.br\/index.php\/wp-json\/wp\/v2\/posts\/48295\/revisions"}],"predecessor-version":[{"id":48297,"href":"https:\/\/www.sincomam.org.br\/index.php\/wp-json\/wp\/v2\/posts\/48295\/revisions\/48297"}],"wp:featuredmedia":[{"embeddable":true,"href":"https:\/\/www.sincomam.org.br\/index.php\/wp-json\/wp\/v2\/media\/48296"}],"wp:attachment":[{"href":"https:\/\/www.sincomam.org.br\/index.php\/wp-json\/wp\/v2\/media?parent=48295"}],"wp:term":[{"taxonomy":"category","embeddable":true,"href":"https:\/\/www.sincomam.org.br\/index.php\/wp-json\/wp\/v2\/categories?post=48295"},{"taxonomy":"post_tag","embeddable":true,"href":"https:\/\/www.sincomam.org.br\/index.php\/wp-json\/wp\/v2\/tags?post=48295"}],"curies":[{"name":"wp","href":"https:\/\/api.w.org\/{rel}","templated":true}]}}