{"id":48292,"date":"2023-11-08T07:52:10","date_gmt":"2023-11-08T10:52:10","guid":{"rendered":"http:\/\/www.sincomam.org.br\/?p=48292"},"modified":"2023-11-08T07:52:10","modified_gmt":"2023-11-08T10:52:10","slug":"maioria-do-stf-vota-pela-condenacao-de-cinco-reus-pelo-8-de-janeiro","status":"publish","type":"post","link":"https:\/\/www.sincomam.org.br\/index.php\/maioria-do-stf-vota-pela-condenacao-de-cinco-reus-pelo-8-de-janeiro\/","title":{"rendered":"Maioria do STF vota pela condena\u00e7\u00e3o de cinco r\u00e9us pelo 8 de janeiro"},"content":{"rendered":"<p>O Supremo Tribunal Federal (STF) formou nesta ter\u00e7a-feira (7) maioria de votos pela condena\u00e7\u00e3o de mais cinco r\u00e9us pelos atos golpistas de 8 de janeiro.<img decoding=\"async\" src=\"https:\/\/agenciabrasil.ebc.com.br\/ebc.png?id=1565077&amp;o=node\" \/><img decoding=\"async\" src=\"https:\/\/agenciabrasil.ebc.com.br\/ebc.gif?id=1565077&amp;o=node\" \/><\/p>\n<p>At\u00e9 o momento, seis dos dez ministros se manifestaram pela condena\u00e7\u00e3o do grupo. As penas sugeridas variam entre 11 e 17 anos de pris\u00e3o.\u00a0 A defini\u00e7\u00e3o das penas de cada acusado ser\u00e1 definida ao final do julgamento virtual, previsto para as 23h59.<\/p>\n<p>S\u00e3o julgados os r\u00e9us Fabricio de Moura Gomes, Moises dos Anjos, Jorginho Cardoso de Azevedo, Rosana Maciel Gomes e Osmar Hilbrand. Todos foram presos pela Pol\u00edcia Militar dentro do Pal\u00e1cio do Planalto.<\/p>\n<p>As penas envolvem os crimes de associa\u00e7\u00e3o criminosa armada, aboli\u00e7\u00e3o violenta do Estado Democr\u00e1tico de Direito, golpe de Estado e dano qualificado.<\/p>\n<p>Com a condena\u00e7\u00e3o, os acusados tamb\u00e9m dever\u00e3o pagar R$ 30 milh\u00f5es solidariamente com todos os investigados pela depreda\u00e7\u00e3o do patrim\u00f4nio p\u00fablico.<\/p>\n<p>O Supremo j\u00e1 condenou 20 r\u00e9us pela depreda\u00e7\u00e3o da sede do STF, do Congresso e do Pal\u00e1cio do Planalto.<\/p>\n<p>Fonte: Ag\u00eancia Brasil<\/p>\n","protected":false},"excerpt":{"rendered":"<p>O Supremo Tribunal Federal (STF) formou nesta ter\u00e7a-feira (7) maioria de votos pela condena\u00e7\u00e3o de mais cinco r\u00e9us pelos atos golpistas de 8 de janeiro&#8230;.<\/p>\n","protected":false},"author":1527,"featured_media":48293,"comment_status":"closed","ping_status":"closed","sticky":false,"template":"","format":"standard","meta":{"footnotes":""},"categories":[6],"tags":[],"class_list":["post-48292","post","type-post","status-publish","format-standard","has-post-thumbnail","hentry","category-noticias"],"_links":{"self":[{"href":"https:\/\/www.sincomam.org.br\/index.php\/wp-json\/wp\/v2\/posts\/48292","targetHints":{"allow":["GET"]}}],"collection":[{"href":"https:\/\/www.sincomam.org.br\/index.php\/wp-json\/wp\/v2\/posts"}],"about":[{"href":"https:\/\/www.sincomam.org.br\/index.php\/wp-json\/wp\/v2\/types\/post"}],"author":[{"embeddable":true,"href":"https:\/\/www.sincomam.org.br\/index.php\/wp-json\/wp\/v2\/users\/1527"}],"replies":[{"embeddable":true,"href":"https:\/\/www.sincomam.org.br\/index.php\/wp-json\/wp\/v2\/comments?post=48292"}],"version-history":[{"count":1,"href":"https:\/\/www.sincomam.org.br\/index.php\/wp-json\/wp\/v2\/posts\/48292\/revisions"}],"predecessor-version":[{"id":48294,"href":"https:\/\/www.sincomam.org.br\/index.php\/wp-json\/wp\/v2\/posts\/48292\/revisions\/48294"}],"wp:featuredmedia":[{"embeddable":true,"href":"https:\/\/www.sincomam.org.br\/index.php\/wp-json\/wp\/v2\/media\/48293"}],"wp:attachment":[{"href":"https:\/\/www.sincomam.org.br\/index.php\/wp-json\/wp\/v2\/media?parent=48292"}],"wp:term":[{"taxonomy":"category","embeddable":true,"href":"https:\/\/www.sincomam.org.br\/index.php\/wp-json\/wp\/v2\/categories?post=48292"},{"taxonomy":"post_tag","embeddable":true,"href":"https:\/\/www.sincomam.org.br\/index.php\/wp-json\/wp\/v2\/tags?post=48292"}],"curies":[{"name":"wp","href":"https:\/\/api.w.org\/{rel}","templated":true}]}}