{"id":48272,"date":"2023-11-07T10:25:37","date_gmt":"2023-11-07T13:25:37","guid":{"rendered":"http:\/\/www.sincomam.org.br\/?p=48272"},"modified":"2023-11-07T10:25:37","modified_gmt":"2023-11-07T13:25:37","slug":"comandante-de-operacoes-da-marinha-detalha-foco-da-glo-do-mar","status":"publish","type":"post","link":"https:\/\/www.sincomam.org.br\/index.php\/comandante-de-operacoes-da-marinha-detalha-foco-da-glo-do-mar\/","title":{"rendered":"Comandante de Opera\u00e7\u00f5es da Marinha detalha foco da &#8220;GLO do Mar&#8221;"},"content":{"rendered":"<p>O comandante da \u00c1rea de Opera\u00e7\u00f5es da Marinha, vice-almirante Renato Rangel Ferreira, afirma que a nova miss\u00e3o de Garantia da Lei e da Ordem (GLO) \u00e9 diferente de todas as outras realizadas anteriormente. Ao\u00a0apresentar a\u00a0opera\u00e7\u00e3o\u00a0iniciada nesta segunda-feira (6), ele destacou que foram mobilizados 1,9 mil militares e est\u00e3o sendo empregados diversos equipamentos, como navios-patrulha, embarca\u00e7\u00f5es e viaturas blindadas.<img decoding=\"async\" src=\"https:\/\/agenciabrasil.ebc.com.br\/ebc.png?id=1564820&amp;o=node\" \/><img decoding=\"async\" src=\"https:\/\/agenciabrasil.ebc.com.br\/ebc.gif?id=1564820&amp;o=node\" \/><\/p>\n<p>&#8220;Podemos chamar de uma GLO do Mar, acontece com \u00eanfase no mar e nos portos\u201d, avaliou. A abrang\u00eancia da miss\u00e3o est\u00e1 delimitada pelo Decreto\u00a011.765,\u00a0assinado pelo presidente\u00a0Lu\u00eds In\u00e1cio Lula da Silva\u00a0na \u00faltima quinta-feira (1\u00ba). Os militares poder\u00e3o atuar com vi\u00e9s preventivo e repressivo nos portos do Rio de Janeiro, de Itagua\u00ed (RJ) e de Santos (SP), e tamb\u00e9m nos aeroportos internacionais de Guarulhos (SP) e do Gale\u00e3o (RJ). O objetivo \u00e9 apoiar a\u00e7\u00f5es de combate ao tr\u00e1fico de armas e de drogas e outros tipos de crimes.<\/p>\n<p>A GLO foi decretada ap\u00f3s epis\u00f3dios marcantes envolvendo a seguran\u00e7a p\u00fablica no Rio de Janeiro, que levaram o governador Cl\u00e1udio Castro a pedir ajuda federal. No in\u00edcio do m\u00eas passado, opera\u00e7\u00f5es das pol\u00edcias civil e militar tiveram como alvo lideran\u00e7as do Comando Vermelho. Investiga\u00e7\u00f5es apontaram que a fac\u00e7\u00e3o de traficantes estaria envolvida na\u00a0execu\u00e7\u00e3o de\u00a0tr\u00eas m\u00e9dicos\u00a0em um quiosque na Barra da Tijuca. As v\u00edtimas teriam sido mortas por engano, pois uma delas foi confundida com um miliciano.<\/p>\n<p>Tamb\u00e9m no m\u00eas passado, armas furtadas do Ex\u00e9rcito em Barueri (SP) foram\u00a0encontradas na capital fluminense. Al\u00e9m disso, h\u00e1 duas semanas,\u00a035 \u00f4nibus e um trem foram incendiados\u00a0na zona oeste da cidade ap\u00f3s um miliciano morrer durante confronto com policiais.<\/p>\n<p>A atua\u00e7\u00e3o da Marinha dentro da miss\u00e3o de GLO se d\u00e1 por meio da opera\u00e7\u00e3o Lais de Guia. Renato Rangel Ferreira explica que a patrulha nos portos j\u00e1 faz parte do escopo das atribui\u00e7\u00f5es dos militares. A miss\u00e3o, no entanto, autoriza uma amplia\u00e7\u00e3o da abrang\u00eancia das atividades, permitindo o emprego de tropas em a\u00e7\u00f5es espec\u00edficas.<\/p>\n<p>A patrulha da Marinha na\u00a0Ba\u00eda de Guanabara\u00a0n\u00e3o alcan\u00e7ar\u00e1 a costa do Complexo da Mar\u00e9, comunidade que foi um dos principais focos das recentes opera\u00e7\u00f5es das pol\u00edcias do Rio contra lideran\u00e7as do Comando Vermelho. Ainda assim, o vice-almirante afirmou que eventuais movimenta\u00e7\u00f5es de criminosos ser\u00e3o detectadas. &#8220;A \u00e1rea de atua\u00e7\u00e3o \u00e9 a Poligonal do Porto Organizado. O que \u00e9 isso? \u00c9 uma \u00e1rea delimitada por portaria ministerial que abrange o cais, os armaz\u00e9ns e algumas \u00e1reas do espelho d&#8217;\u00e1gua. Dentro dessa poligonal, atuaremos para coibir qualquer il\u00edcito que aconte\u00e7a. Qualquer tr\u00e2nsito que aconte\u00e7a na Ba\u00eda de Guanabara passa a obrigatoriamente por essa \u00e1rea. N\u00e3o tem como cruzar a Ba\u00eda de Guanabara sem passar pela poligonal&#8221;.<\/p>\n<p>Renato Rangel Ferreira tamb\u00e9m explicou a decis\u00e3o de incluir o Porto de Santos na miss\u00e3o e n\u00e3o o Porto de Paranagu\u00e1 (PR). &#8220;Temos informa\u00e7\u00f5es que existe uma interliga\u00e7\u00e3o entre o crime organizado que atua no Porto de Santos e no Porto do Rio de Janeiro, por onde passa boa parte do com\u00e9rcio mar\u00edtimo. Por isso, eles est\u00e3o conectados nessa opera\u00e7\u00e3o. \u00c9 o que eu posso informar.&#8221;<\/p>\n<p>Previstas na Constitui\u00e7\u00e3o Federal, as GLOs conferem \u00e0s For\u00e7as Armadas a autonomia necess\u00e1ria para que atuem com poder de pol\u00edcia, por tempo determinado, em \u00e1rea previamente definida. Cabe ao presidente da Rep\u00fablica decret\u00e1-las, o que s\u00f3 deve ocorrer em situa\u00e7\u00f5es graves de perturba\u00e7\u00e3o da ordem. Desde 1992,\u00a0j\u00e1 foram\u00a0realizadas 145 miss\u00f5es\u00a0de GLO no pa\u00eds, mas boa parte delas foram voltadas para preserva\u00e7\u00e3o da seguran\u00e7a p\u00fablica em tr\u00eas situa\u00e7\u00f5es espec\u00edficas: greves de policiais militares, grandes eventos e processos eleitorais.<\/p>\n<p>Concentrada em tr\u00eas portos e dois aeroportos, a nova miss\u00e3o ocorre at\u00e9 3 de maio de 2024. Como est\u00e1 limitada a \u00e1reas espec\u00edficas de controle federal, n\u00e3o h\u00e1 interfer\u00eancia na atua\u00e7\u00e3o das for\u00e7as de seguran\u00e7a dos estados. Foi instalado um comit\u00ea de acompanhamento das a\u00e7\u00f5es de seguran\u00e7a, sob coordena\u00e7\u00e3o dos ministros da Justi\u00e7a, Fl\u00e1vio Dino, e da Defesa, Jos\u00e9 Mucio.<\/p>\n<h2>Articula\u00e7\u00e3o<\/h2>\n<p>De acordo com o vice-almirante, a Marinha atuar\u00e1 de forma articulada com todos os atores que t\u00eam participa\u00e7\u00e3o nos portos do Rio de Janeiro, de Itagua\u00ed e de Santos. Ele apresentou a opera\u00e7\u00e3o acompanhado de representantes da Pol\u00edcia Federal (PF), da Pol\u00edcia Rodovi\u00e1ria Federal (PRF), da Ag\u00eancia Nacional de Transportes Aquavi\u00e1rios (ANTAQ) e da Receita Federal. Segundo ele, nesse primeiro dia, houve uma reuni\u00e3o de articula\u00e7\u00e3o das a\u00e7\u00f5es.<\/p>\n<p>Renato Rangel Ferreira disse ainda que os principais port\u00f5es dos portos do Rio, de Itagua\u00ed e de Santos j\u00e1 foram ocupados. &#8220;Estamos ali j\u00e1 operando de alguma forma, fazendo algum tipo de vasculhamento, de inspe\u00e7\u00e3o&#8221;.<\/p>\n<p>Fonte: Ag\u00eancia Brasil<\/p>\n","protected":false},"excerpt":{"rendered":"<p>O comandante da \u00c1rea de Opera\u00e7\u00f5es da Marinha, vice-almirante Renato Rangel Ferreira, afirma que a nova miss\u00e3o de Garantia da Lei e da Ordem (GLO)&#8230;<\/p>\n","protected":false},"author":1527,"featured_media":48273,"comment_status":"closed","ping_status":"closed","sticky":false,"template":"","format":"standard","meta":{"footnotes":""},"categories":[6],"tags":[],"class_list":["post-48272","post","type-post","status-publish","format-standard","has-post-thumbnail","hentry","category-noticias"],"_links":{"self":[{"href":"https:\/\/www.sincomam.org.br\/index.php\/wp-json\/wp\/v2\/posts\/48272","targetHints":{"allow":["GET"]}}],"collection":[{"href":"https:\/\/www.sincomam.org.br\/index.php\/wp-json\/wp\/v2\/posts"}],"about":[{"href":"https:\/\/www.sincomam.org.br\/index.php\/wp-json\/wp\/v2\/types\/post"}],"author":[{"embeddable":true,"href":"https:\/\/www.sincomam.org.br\/index.php\/wp-json\/wp\/v2\/users\/1527"}],"replies":[{"embeddable":true,"href":"https:\/\/www.sincomam.org.br\/index.php\/wp-json\/wp\/v2\/comments?post=48272"}],"version-history":[{"count":1,"href":"https:\/\/www.sincomam.org.br\/index.php\/wp-json\/wp\/v2\/posts\/48272\/revisions"}],"predecessor-version":[{"id":48274,"href":"https:\/\/www.sincomam.org.br\/index.php\/wp-json\/wp\/v2\/posts\/48272\/revisions\/48274"}],"wp:featuredmedia":[{"embeddable":true,"href":"https:\/\/www.sincomam.org.br\/index.php\/wp-json\/wp\/v2\/media\/48273"}],"wp:attachment":[{"href":"https:\/\/www.sincomam.org.br\/index.php\/wp-json\/wp\/v2\/media?parent=48272"}],"wp:term":[{"taxonomy":"category","embeddable":true,"href":"https:\/\/www.sincomam.org.br\/index.php\/wp-json\/wp\/v2\/categories?post=48272"},{"taxonomy":"post_tag","embeddable":true,"href":"https:\/\/www.sincomam.org.br\/index.php\/wp-json\/wp\/v2\/tags?post=48272"}],"curies":[{"name":"wp","href":"https:\/\/api.w.org\/{rel}","templated":true}]}}