{"id":48247,"date":"2023-11-06T09:48:46","date_gmt":"2023-11-06T12:48:46","guid":{"rendered":"http:\/\/www.sincomam.org.br\/?p=48247"},"modified":"2023-11-06T09:48:46","modified_gmt":"2023-11-06T12:48:46","slug":"comissao-especial-da-camara-vota-na-terca-parecer-sobre-marco-regulatorio-do-hidrogenio-verde","status":"publish","type":"post","link":"https:\/\/www.sincomam.org.br\/index.php\/comissao-especial-da-camara-vota-na-terca-parecer-sobre-marco-regulatorio-do-hidrogenio-verde\/","title":{"rendered":"Comiss\u00e3o especial da C\u00e2mara vota na ter\u00e7a parecer sobre marco regulat\u00f3rio do hidrog\u00eanio verde"},"content":{"rendered":"<p>A Comiss\u00e3o Especial de Transi\u00e7\u00e3o Energ\u00e9tica e Produ\u00e7\u00e3o de Hidrog\u00eanio da C\u00e2mara dos Deputados poder\u00e1 votar na ter\u00e7a-feira (7) o relat\u00f3rio preliminar que trata do anteprojeto do Marco Legal do Hidrog\u00eanio de Baixo Carbono.<\/p>\n<p>O relator, deputado Bacelar (PV-BA), j\u00e1 entregou a \u00faltima vers\u00e3o, informou o deputado Arnaldo Jardim (Cidadania-SP), presidente do colegiado. \u201cO governo revisou o seu cronograma, e poderemos ter uma boa converg\u00eancia\u201d, avaliou.<\/p>\n<p>O hidrog\u00eanio verde (ou sustent\u00e1vel) \u00e9 um g\u00e1s obtido pela quebra de mol\u00e9culas de \u00e1gua a partir de corrente el\u00e9trica gerada por fonte renov\u00e1vel \u2013 como h\u00eddrica ou solar. Tem v\u00e1rias aplica\u00e7\u00f5es como mat\u00e9ria-prima e na gera\u00e7\u00e3o de energia.<\/p>\n<p>Debatedores reunidos nesta quarta-feira (1\u00ba) pela Subcomiss\u00e3o Especial de Hidrog\u00eanio Verde e Concess\u00f5es de Distribui\u00e7\u00e3o cobraram urg\u00eancia na defini\u00e7\u00e3o do marco regulat\u00f3rio para as cadeias produtiva e log\u00edstica do hidrog\u00eanio verde.<\/p>\n<p>\u201cO Brasil \u00e9 tido como \u2018a Ar\u00e1bia Saudita das energias renov\u00e1veis\u2019, e precisamos aproveitar essa nossa aptid\u00e3o\u201d, disse o vice-presidente do Sindicato Nacional da Ind\u00fastria da Constru\u00e7\u00e3o e Repara\u00e7\u00e3o Naval e Offshore (Sinaval), Jo\u00e3o Azeredo.<\/p>\n<p>O Complexo Industrial e Portu\u00e1rio do Pec\u00e9m (CIPP), localizado no Cear\u00e1, j\u00e1 iniciou projetos para se tornar um dos principais produtores e exportadores de hidrog\u00eanio verde, disputando os mercados europeu e asi\u00e1tico a partir de 2024.<\/p>\n<p>\u201cCom uma log\u00edstica adequada, conseguiremos entregar esse hidrog\u00eanio verde nos portos de Roterd\u00e3, na Holanda, ou de T\u00f3quio, no Jap\u00e3o, com o custo mais barato do mundo\u201d, assegurou o diretor-presidente do CIPP, Hugo Figueir\u00eado.<\/p>\n<p>\u201cUma vis\u00e3o regulat\u00f3ria ser\u00e1 necess\u00e1ria, mas a ind\u00fastria tem as condi\u00e7\u00f5es para enfrentar os desafios\u201d, afirmou o gerente-executivo de Energia Renov\u00e1vel da Petrobras, Daniel Pedroso. A estatal produz hidrog\u00eanio a partir do g\u00e1s natural.<\/p>\n<p>Fonte: Ag\u00eancia C\u00e2mara de Not\u00edcias<\/p>\n","protected":false},"excerpt":{"rendered":"<p>A Comiss\u00e3o Especial de Transi\u00e7\u00e3o Energ\u00e9tica e Produ\u00e7\u00e3o de Hidrog\u00eanio da C\u00e2mara dos Deputados poder\u00e1 votar na ter\u00e7a-feira (7) o relat\u00f3rio preliminar que trata do&#8230;<\/p>\n","protected":false},"author":1527,"featured_media":48248,"comment_status":"closed","ping_status":"closed","sticky":false,"template":"","format":"standard","meta":{"footnotes":""},"categories":[6],"tags":[],"class_list":["post-48247","post","type-post","status-publish","format-standard","has-post-thumbnail","hentry","category-noticias"],"_links":{"self":[{"href":"https:\/\/www.sincomam.org.br\/index.php\/wp-json\/wp\/v2\/posts\/48247","targetHints":{"allow":["GET"]}}],"collection":[{"href":"https:\/\/www.sincomam.org.br\/index.php\/wp-json\/wp\/v2\/posts"}],"about":[{"href":"https:\/\/www.sincomam.org.br\/index.php\/wp-json\/wp\/v2\/types\/post"}],"author":[{"embeddable":true,"href":"https:\/\/www.sincomam.org.br\/index.php\/wp-json\/wp\/v2\/users\/1527"}],"replies":[{"embeddable":true,"href":"https:\/\/www.sincomam.org.br\/index.php\/wp-json\/wp\/v2\/comments?post=48247"}],"version-history":[{"count":1,"href":"https:\/\/www.sincomam.org.br\/index.php\/wp-json\/wp\/v2\/posts\/48247\/revisions"}],"predecessor-version":[{"id":48249,"href":"https:\/\/www.sincomam.org.br\/index.php\/wp-json\/wp\/v2\/posts\/48247\/revisions\/48249"}],"wp:featuredmedia":[{"embeddable":true,"href":"https:\/\/www.sincomam.org.br\/index.php\/wp-json\/wp\/v2\/media\/48248"}],"wp:attachment":[{"href":"https:\/\/www.sincomam.org.br\/index.php\/wp-json\/wp\/v2\/media?parent=48247"}],"wp:term":[{"taxonomy":"category","embeddable":true,"href":"https:\/\/www.sincomam.org.br\/index.php\/wp-json\/wp\/v2\/categories?post=48247"},{"taxonomy":"post_tag","embeddable":true,"href":"https:\/\/www.sincomam.org.br\/index.php\/wp-json\/wp\/v2\/tags?post=48247"}],"curies":[{"name":"wp","href":"https:\/\/api.w.org\/{rel}","templated":true}]}}