{"id":48241,"date":"2023-11-06T09:43:59","date_gmt":"2023-11-06T12:43:59","guid":{"rendered":"http:\/\/www.sincomam.org.br\/?p=48241"},"modified":"2023-11-06T09:43:59","modified_gmt":"2023-11-06T12:43:59","slug":"ciclone-no-mar-causou-as-ondas-que-invadiram-a-orla-no-rio","status":"publish","type":"post","link":"https:\/\/www.sincomam.org.br\/index.php\/ciclone-no-mar-causou-as-ondas-que-invadiram-a-orla-no-rio\/","title":{"rendered":"Ciclone no mar causou as ondas que invadiram a orla no Rio"},"content":{"rendered":"<div id=\"chunk-5rbua\">\n<div class=\"mc-column content-text active-extra-styles \" data-block-type=\"unstyled\" data-block-weight=\"46\" data-block-id=\"2\">\n<p class=\" content-text__container \" data-track-category=\"Link no Texto\" data-track-links=\"\">As ondas que tomaram a orla do Rio de Janeiro\u00a0no domingo (5) foram causadas por uma combina\u00e7\u00e3o de fatores. A \u00e1gua tomou o cal\u00e7ad\u00e3o e chegou at\u00e9 as pistas das avenidas pr\u00f3ximas, e as imagens das ondas surpreendendo os banhistas viralizaram.<\/p>\n<\/div>\n<\/div>\n<div class=\"wall protected-content\">\n<div id=\"chunk-a05qg\">\n<div class=\"mc-column content-text active-extra-styles \" data-block-type=\"unstyled\" data-block-weight=\"37\" data-block-id=\"4\">\n<p class=\" content-text__container \" data-track-category=\"Link no Texto\" data-track-links=\"\">A cidade foi atingida por uma frente fria entre sexta-feira (3) e s\u00e1bado (4). Com ela, veio um ciclone extratropical, que fica afastado, no oceano. De acordo com a meteorologista Hana Silveira, do Climatempo, isso \u00e9 comum.<\/p>\n<\/div>\n<\/div>\n<div id=\"chunk-3ngc1\">\n<div class=\"mc-column content-text active-extra-styles \" data-block-type=\"unstyled\" data-block-weight=\"78\" data-block-id=\"5\">\n<p class=\" content-text__container \" data-track-category=\"Link no Texto\" data-track-links=\"\">\u201cO ciclone extratropical provocou a intensifica\u00e7\u00e3o e persist\u00eancia dos ventos em uma \u00e1rea no mar, que chamamos de pista, o que resultou na forma\u00e7\u00e3o de grandes ondas que chegaram ao litoral do\u00a0Rio de Janeiro, configurando a ressaca, que \u00e9 quando as ondas chegam a partir de 2,5 metros na costa. \u00c9 como um ventilador numa piscina, por exemplo, que faz com que as ondas aumentem naquele espa\u00e7o, como aconteceu em maior propor\u00e7\u00e3o no mar.\u201d, destacou a meteorologista.<\/p>\n<div id=\"chunk-9neko\">\n<div class=\"mc-column content-text active-extra-styles \" data-block-type=\"unstyled\" data-block-weight=\"22\" data-block-id=\"7\">\n<p class=\" content-text__container \" data-track-category=\"Link no Texto\" data-track-links=\"\">Segundo a Marinha do Brasil, a ressaca no mar deve durar at\u00e9 18h desta segunda (6), com ondas de at\u00e9 3,5 metros.<\/p>\n<\/div>\n<\/div>\n<div id=\"chunk-29ss7\">\n<div class=\"mc-column content-text active-extra-styles \" data-block-type=\"unstyled\" data-block-weight=\"21\" data-block-id=\"8\">\n<p class=\" content-text__container \" data-track-category=\"Link no Texto\" data-track-links=\"\">Mas isso n\u00e3o significa que o mar estar\u00e1 tranquilo a partir da\u00ed, e o mar deve continuar agitado durante a ter\u00e7a-feira.<\/p>\n<div id=\"chunk-3ppcu\">\n<div class=\"mc-column content-text active-extra-styles\" data-block-type=\"raw\" data-block-weight=\"1\" data-block-id=\"10\">\n<div class=\"content-intertitle\">\n<h2>Buscas<\/h2>\n<\/div>\n<p>O Corpo de Bombeiros segue nas buscas por um adolescente de 16 anos que desapareceu no mar\u00a0em Ipanema, na Zona Sul, no domingo.<\/p>\n<\/div>\n<\/div>\n<div id=\"chunk-a8nde\">\n<div class=\"mc-column content-text active-extra-styles \" data-block-type=\"unstyled\" data-block-weight=\"34\" data-block-id=\"12\">\n<p class=\" content-text__container \" data-track-category=\"Link no Texto\" data-track-links=\"\">O adolescente desaparecido participava de uma excurs\u00e3o ao litoral do Rio de Janeiro. Al\u00e9m dos guarda-vidas, o jovem \u00e9 procurado com a ajuda de uma aeronave e de equipes usando motos aqu\u00e1ticas e drones.<\/p>\n<p data-track-category=\"Link no Texto\" data-track-links=\"\">Fonte: G1<\/p>\n<p data-track-category=\"Link no Texto\" data-track-links=\"\">\n<\/div>\n<\/div>\n<\/div>\n<\/div>\n<div id=\"chunk-7r137\">\n<div class=\"bs-video-block mc-column  content-media content-video\" data-block-type=\"backstage-video\" data-block-id=\"9\">\n<div class=\"content-media__container\">\n<div class=\"content-video__bigger-player-description-fixer\">\n<article class=\"content-video\">\n<section class=\"content-video__video-container\">\n<div class=\"content-video__placeholder\" data-video-id=\"12088527\" data-video-has-viewport-play=\"True\"><\/div>\n<\/section>\n<\/article>\n<\/div>\n<\/div>\n<\/div>\n<\/div>\n<\/div>\n<\/div>\n<\/div>\n","protected":false},"excerpt":{"rendered":"<p>As ondas que tomaram a orla do Rio de Janeiro\u00a0no domingo (5) foram causadas por uma combina\u00e7\u00e3o de fatores. A \u00e1gua tomou o cal\u00e7ad\u00e3o e&#8230;<\/p>\n","protected":false},"author":1527,"featured_media":48242,"comment_status":"closed","ping_status":"closed","sticky":false,"template":"","format":"standard","meta":{"footnotes":""},"categories":[6],"tags":[],"class_list":["post-48241","post","type-post","status-publish","format-standard","has-post-thumbnail","hentry","category-noticias"],"_links":{"self":[{"href":"https:\/\/www.sincomam.org.br\/index.php\/wp-json\/wp\/v2\/posts\/48241","targetHints":{"allow":["GET"]}}],"collection":[{"href":"https:\/\/www.sincomam.org.br\/index.php\/wp-json\/wp\/v2\/posts"}],"about":[{"href":"https:\/\/www.sincomam.org.br\/index.php\/wp-json\/wp\/v2\/types\/post"}],"author":[{"embeddable":true,"href":"https:\/\/www.sincomam.org.br\/index.php\/wp-json\/wp\/v2\/users\/1527"}],"replies":[{"embeddable":true,"href":"https:\/\/www.sincomam.org.br\/index.php\/wp-json\/wp\/v2\/comments?post=48241"}],"version-history":[{"count":1,"href":"https:\/\/www.sincomam.org.br\/index.php\/wp-json\/wp\/v2\/posts\/48241\/revisions"}],"predecessor-version":[{"id":48243,"href":"https:\/\/www.sincomam.org.br\/index.php\/wp-json\/wp\/v2\/posts\/48241\/revisions\/48243"}],"wp:featuredmedia":[{"embeddable":true,"href":"https:\/\/www.sincomam.org.br\/index.php\/wp-json\/wp\/v2\/media\/48242"}],"wp:attachment":[{"href":"https:\/\/www.sincomam.org.br\/index.php\/wp-json\/wp\/v2\/media?parent=48241"}],"wp:term":[{"taxonomy":"category","embeddable":true,"href":"https:\/\/www.sincomam.org.br\/index.php\/wp-json\/wp\/v2\/categories?post=48241"},{"taxonomy":"post_tag","embeddable":true,"href":"https:\/\/www.sincomam.org.br\/index.php\/wp-json\/wp\/v2\/tags?post=48241"}],"curies":[{"name":"wp","href":"https:\/\/api.w.org\/{rel}","templated":true}]}}