{"id":48233,"date":"2023-11-06T09:34:25","date_gmt":"2023-11-06T12:34:25","guid":{"rendered":"http:\/\/www.sincomam.org.br\/?p=48233"},"modified":"2023-11-06T09:38:46","modified_gmt":"2023-11-06T12:38:46","slug":"glo-em-portos-e-aeroportos-de-sao-paulo-e-rio-de-janeiro-comeca-a-valer-nesta-segunda-feira","status":"publish","type":"post","link":"https:\/\/www.sincomam.org.br\/index.php\/glo-em-portos-e-aeroportos-de-sao-paulo-e-rio-de-janeiro-comeca-a-valer-nesta-segunda-feira\/","title":{"rendered":"GLO em portos e aeroportos de S\u00e3o Paulo e Rio de Janeiro come\u00e7a a valer nesta segunda-feira"},"content":{"rendered":"<div id=\"chunk-evhn8\">\n<div class=\"mc-column content-text active-extra-styles \" data-block-type=\"unstyled\" data-block-weight=\"52\" data-block-id=\"3\">\n<p class=\" content-text__container \" data-track-category=\"Link no Texto\" data-track-links=\"\">Come\u00e7ou a valer nesta segunda-feira (6) o decreto de garantia da Lei e da Ordem em portos e aeroportos do\u00a0Rio de Janeiro\u00a0e S\u00e3o Paulo. A opera\u00e7\u00e3o deve durar at\u00e9 3 de maio de 2024. A GLO foi autorizada pelo presidente Luiz In\u00e1cio\u00a0Lula\u00a0da Silva (PT) na quarta-feira (1\u00ba).<\/p>\n<\/div>\n<\/div>\n<div class=\"wall protected-content\">\n<div id=\"chunk-7calo\">\n<div class=\"mc-column content-text active-extra-styles \" data-block-type=\"unstyled\" data-block-weight=\"36\" data-block-id=\"5\">\n<p class=\" content-text__container \" data-track-category=\"Link no Texto\" data-track-links=\"\"><span class=\"highlight highlighted\">A medida abrange os portos de<\/span><span class=\"highlight highlighted\">\u00a0Itagua\u00ed (RJ)<\/span><span class=\"highlight highlighted\">,<\/span><span class=\"highlight highlighted\">\u00a0Rio de Janeiro<\/span><span class=\"highlight highlighted\">\u00a0e\u00a0<\/span><span class=\"highlight highlighted\">Santos (SP)<\/span><span class=\"highlight highlighted\">. E os aeroportos de\u00a0<\/span><span class=\"highlight highlighted\">Guarulhos (SP) e Gale\u00e3o (RJ)<\/span><span class=\"highlight highlighted\">. Com o decreto assinado por Lula, militares das For\u00e7as Armadas atuar\u00e3o nesses locais.<\/span><\/p>\n<\/div>\n<\/div>\n<div id=\"chunk-fvrj2\">\n<div class=\"mc-column content-text active-extra-styles \" data-block-type=\"unstyled\" data-block-weight=\"19\" data-block-id=\"6\">\n<p class=\" content-text__container \" data-track-category=\"Link no Texto\" data-track-links=\"\">&#8220;Esse decreto ele estabelece a cria\u00e7\u00e3o de uma opera\u00e7\u00e3o integrada de combate ao crime organizado, e por isso estou fazendo esse decreto de GLO especificamente para o porto do Rio de Janeiro, porto de Santos, porto de Itagua\u00ed, aeroporto do Gale\u00e3o e aeroporto de Guarulhos&#8221;, disse Lula, no Pal\u00e1cio do Planalto.<\/p>\n<div id=\"chunk-92pb8\">\n<div class=\"row medium-uncollapsed content-media content-photo\" data-block-type=\"backstage-photo\" data-block-id=\"9\">\n<div class=\"content-media-container glb-skeleton-box\">\n<div id=\"chunk-6fldr\">\n<div class=\"mc-column content-text active-extra-styles \" data-block-type=\"unstyled\" data-block-weight=\"28\" data-block-id=\"10\">\n<p class=\" content-text__container \" data-track-category=\"Link no Texto\" data-track-links=\"\">O presidente Lula afirmou que haver\u00e1 um comit\u00ea de acompanhamento integrado das a\u00e7\u00f5es de seguran\u00e7a coordenado pelo ministros da Justi\u00e7a,\u00a0Fl\u00e1vio Dino, e da Defesa, Jos\u00e9 Mucio.<\/p>\n<\/div>\n<\/div>\n<div id=\"chunk-ap5pb\">\n<div class=\"mc-column content-text active-extra-styles \" data-block-type=\"unstyled\" data-block-weight=\"31\" data-block-id=\"11\">\n<p class=\" content-text__container \" data-track-category=\"Link no Texto\" data-track-links=\"\">As duas pastas apresentar\u00e3o um plano de moderniza\u00e7\u00e3o de atua\u00e7\u00e3o da Pol\u00edcia Federal, Pol\u00edcia Rodovi\u00e1ria Federal, Pol\u00edcia Penal, Ex\u00e9rcito, Aeron\u00e1utica e Marinha &#8220;visando melhorar a atua\u00e7\u00e3o em portos, aeroportos e fronteiras&#8221;.<\/p>\n<div id=\"chunk-8aqcn\">\n<div class=\"mc-column content-text active-extra-styles \" data-block-type=\"unstyled\" data-block-weight=\"29\" data-block-id=\"13\">\n<p class=\" content-text__container \" data-track-category=\"Link no Texto\" data-track-links=\"\">\u201cA Pol\u00edcia Federal ampliar\u00e1 as a\u00e7\u00f5es de intelig\u00eancia e as opera\u00e7\u00f5es de pris\u00f5es e apreens\u00f5es de bens pertencentes \u00e0s quadrilhas e mil\u00edcias, especialmente no Rio de Janeiro\u201d, disse Lula.<\/p>\n<\/div>\n<\/div>\n<div id=\"chunk-3qrci\">\n<div class=\"mc-column content-text active-extra-styles \" data-block-type=\"unstyled\" data-block-weight=\"26\" data-block-id=\"14\">\n<p class=\" content-text__container \" data-track-category=\"Link no Texto\" data-track-links=\"\">Lula fez a assinatura do decreto de GLO no Pal\u00e1cio do Planalto acompanhado dos ministros\u00a0Jos\u00e9 M\u00facio Monteiro\u00a0(Defesa), Fl\u00e1vio Dino (Justi\u00e7a),\u00a0Rui Costa\u00a0(Casa Civil)<\/p>\n<\/div>\n<\/div>\n<div id=\"chunk-bfpcs\">\n<div class=\"mc-column content-text active-extra-styles \" data-block-type=\"unstyled\" data-block-weight=\"30\" data-block-id=\"15\">\n<p class=\" content-text__container \" data-track-category=\"Link no Texto\" data-track-links=\"\">Tamb\u00e9m acompanharam o evento os comandantes da Marinha, almirante Marcos Olsen; do Ex\u00e9rcito, general Tom\u00e1s Paiva; e da Aeron\u00e1utica, brigadeiro Marcelo Damasceno; e o diretor-geral da Pol\u00edcia Federal, Andrei Rodrigues.<\/p>\n<\/div>\n<\/div>\n<div id=\"chunk-fqik8\">\n<div class=\"mc-column content-text active-extra-styles\" data-block-type=\"raw\" data-block-weight=\"4\" data-block-id=\"16\">\n<div class=\"content-intertitle\">\n<h2><strong>FAB, Marinha e Ex\u00e9rcito<\/strong><\/h2>\n<\/div>\n<p>Ao todo, segundo o ministro da Justi\u00e7a, Fl\u00e1vio Dino ser\u00e3o empregados 3,7 mil militares das For\u00e7as Armadas, sendo:<\/p>\n<\/div>\n<\/div>\n<div id=\"chunk-ehsp8\">\n<div class=\"mc-column content-text active-extra-styles\" data-block-type=\"raw\" data-block-weight=\"9\" data-block-id=\"18\">\n<ul class=\"content-unordered-list\">\n<li>2.000 do Ex\u00e9rcito<\/li>\n<li>1.100 da Marinha<\/li>\n<li>600 da Aeron\u00e1utica<\/li>\n<\/ul>\n<p>O comandante da Aeron\u00e1utica, Marcelo Damasceno, explicou que os militares ter\u00e3o &#8220;poder de pol\u00edcia&#8221; nos aeroportos de Guarulhos e do Gale\u00e3o.<\/p>\n<\/div>\n<\/div>\n<div id=\"chunk-a27ni\">\n<div class=\"mc-column content-text active-extra-styles \" data-block-type=\"unstyled\" data-block-weight=\"21\" data-block-id=\"19\">\n<div id=\"chunk-eb45j\">\n<div class=\"mc-column content-text active-extra-styles \" data-block-type=\"unstyled\" data-block-weight=\"41\" data-block-id=\"21\">\n<p class=\" content-text__container \" data-track-category=\"Link no Texto\" data-track-links=\"\">O comandante da Marinha, Marcos Olsen, informou que a Marinha tem a responsabilidade de atuar nas vias de acesso aos portos e, tamb\u00e9m, realizar inspe\u00e7\u00f5es navais, uma atividade administrativa. Com a GLO, poder\u00e1 fazer revistas caso sejam identificados ind\u00edcios de crimes.<\/p>\n<\/div>\n<\/div>\n<div id=\"chunk-dga1l\">\n<div class=\"tag-manager-publicidade-container mc-has-reveal mc-has-ad-lazyload tag-manager-publicidade-banner_materia__3ca3383a-4fd3-4906-a253-96c816bad3aa tag-manager-publicidade-container--carregado tag-manager-publicidade-container--visivel\" data-id=\"banner_materia__3ca3383a-4fd3-4906-a253-96c816bad3aa\" data-google-query-id=\"CPTLsuKwr4IDFUpV3QIdU9IJmw\">Fonte: G1<\/div>\n<\/div>\n<\/div>\n<\/div>\n<\/div>\n<\/div>\n<\/div>\n<\/div>\n<\/div>\n<\/div>\n<\/div>\n<\/div>\n","protected":false},"excerpt":{"rendered":"<p>Come\u00e7ou a valer nesta segunda-feira (6) o decreto de garantia da Lei e da Ordem em portos e aeroportos do\u00a0Rio de Janeiro\u00a0e S\u00e3o Paulo. A&#8230;<\/p>\n","protected":false},"author":1527,"featured_media":48239,"comment_status":"closed","ping_status":"closed","sticky":false,"template":"","format":"standard","meta":{"footnotes":""},"categories":[6],"tags":[],"class_list":["post-48233","post","type-post","status-publish","format-standard","has-post-thumbnail","hentry","category-noticias"],"_links":{"self":[{"href":"https:\/\/www.sincomam.org.br\/index.php\/wp-json\/wp\/v2\/posts\/48233","targetHints":{"allow":["GET"]}}],"collection":[{"href":"https:\/\/www.sincomam.org.br\/index.php\/wp-json\/wp\/v2\/posts"}],"about":[{"href":"https:\/\/www.sincomam.org.br\/index.php\/wp-json\/wp\/v2\/types\/post"}],"author":[{"embeddable":true,"href":"https:\/\/www.sincomam.org.br\/index.php\/wp-json\/wp\/v2\/users\/1527"}],"replies":[{"embeddable":true,"href":"https:\/\/www.sincomam.org.br\/index.php\/wp-json\/wp\/v2\/comments?post=48233"}],"version-history":[{"count":2,"href":"https:\/\/www.sincomam.org.br\/index.php\/wp-json\/wp\/v2\/posts\/48233\/revisions"}],"predecessor-version":[{"id":48240,"href":"https:\/\/www.sincomam.org.br\/index.php\/wp-json\/wp\/v2\/posts\/48233\/revisions\/48240"}],"wp:featuredmedia":[{"embeddable":true,"href":"https:\/\/www.sincomam.org.br\/index.php\/wp-json\/wp\/v2\/media\/48239"}],"wp:attachment":[{"href":"https:\/\/www.sincomam.org.br\/index.php\/wp-json\/wp\/v2\/media?parent=48233"}],"wp:term":[{"taxonomy":"category","embeddable":true,"href":"https:\/\/www.sincomam.org.br\/index.php\/wp-json\/wp\/v2\/categories?post=48233"},{"taxonomy":"post_tag","embeddable":true,"href":"https:\/\/www.sincomam.org.br\/index.php\/wp-json\/wp\/v2\/tags?post=48233"}],"curies":[{"name":"wp","href":"https:\/\/api.w.org\/{rel}","templated":true}]}}